{"id":1582,"date":"2026-04-29T06:04:04","date_gmt":"2026-04-29T09:04:04","guid":{"rendered":"https:\/\/vagas.portalemprego.com.br\/?p=1582"},"modified":"2026-04-29T06:04:04","modified_gmt":"2026-04-29T09:04:04","slug":"vidraceiro-construcao-manutencao-rio-de-janeiro","status":"publish","type":"post","link":"https:\/\/vagas.portalemprego.com.br\/?p=1582","title":{"rendered":"Vidraceiro &#8211; Constru\u00e7\u00e3o, Manuten\u00e7\u00e3o &#8211; Rio de Janeiro"},"content":{"rendered":"<p>Instalar e substituir vidros em portas, janelas e divis\u00f3rias;<br \/>\nRealizar manuten\u00e7\u00e3o e reparos em estruturas de vidro;<br \/>\nEfetuar medi\u00e7\u00e3o e corte de vidros quando necess\u00e1rio;<br \/>\nAplicar selantes e realizar acabamentos;<br \/>\nInstalar ferragens e acess\u00f3rios;<br \/>\nManusear ferramentas e equipamentos espec\u00edficos;<br \/>\nGarantir a prote\u00e7\u00e3o das \u00e1reas durante a execu\u00e7\u00e3o dos servi\u00e7os;<br \/>\nManter organiza\u00e7\u00e3o do local de trabalho;<br \/>\nSeguir normas de seguran\u00e7a, especialmente em atividades em altura.<\/p>\n<ul>\n<li>N\u00famero de vagas: 5<\/li>\n<li>Local de trabalho: Rio de Janeiro, RJ<\/li>\n<li>Regime de contrata\u00e7\u00e3o de tipo: Efetivo \u2013 CLT<\/li>\n<li>Jornada: Per\u00edodo Integral<\/li>\n<li>\u00c1rea e especializa\u00e7\u00e3o profissional: Constru\u00e7\u00e3o, Manuten\u00e7\u00e3o &#8211; Instala\u00e7\u00f5es em Geral<\/li>\n<li>N\u00edvel hier\u00e1rquico: Operacional<\/li>\n<\/ul>\n<p>VALORIZADO<\/p>\n<p>Tempo de experi\u00eancia: Entre 1 e 3 anos<\/p>\n<p>Escolaridade M\u00ednima: Ensino Fundamental (1\u00ba grau)<\/p>\n<ul>\n<li>Plano de sa\u00fade<\/li>\n<li>Vale transporte (modal)<\/li>\n<li>Vale refei\u00e7\u00e3o R$ 543,15<\/li>\n<\/ul>\n<p>Sal\u00e1rio: 2477,15<\/p>\n","protected":false},"excerpt":{"rendered":"<p>Instalar e substituir vidros em portas, janelas e divis\u00f3rias; Realizar manuten\u00e7\u00e3o e reparos em estruturas de vidro; Efetuar medi\u00e7\u00e3o e corte de vidros quando necess\u00e1rio; Aplicar selantes e realizar acabamentos; Instalar ferragens e acess\u00f3rios; Manusear ferramentas e equipamentos espec\u00edficos; Garantir a prote\u00e7\u00e3o das \u00e1reas durante a execu\u00e7\u00e3o dos servi\u00e7os; Manter organiza\u00e7\u00e3o do local de trabalho; [&hellip;]<\/p>\n","protected":false},"author":1,"featured_media":0,"comment_status":"open","ping_status":"open","sticky":false,"template":"","format":"standard","meta":{"footnotes":""},"categories":[21],"tags":[],"class_list":["post-1582","post","type-post","status-publish","format-standard","hentry","category-rio-de-janeiro-rj"],"_links":{"self":[{"href":"https:\/\/vagas.portalemprego.com.br\/index.php?rest_route=\/wp\/v2\/posts\/1582","targetHints":{"allow":["GET"]}}],"collection":[{"href":"https:\/\/vagas.portalemprego.com.br\/index.php?rest_route=\/wp\/v2\/posts"}],"about":[{"href":"https:\/\/vagas.portalemprego.com.br\/index.php?rest_route=\/wp\/v2\/types\/post"}],"author":[{"embeddable":true,"href":"https:\/\/vagas.portalemprego.com.br\/index.php?rest_route=\/wp\/v2\/users\/1"}],"replies":[{"embeddable":true,"href":"https:\/\/vagas.portalemprego.com.br\/index.php?rest_route=%2Fwp%2Fv2%2Fcomments&post=1582"}],"version-history":[{"count":0,"href":"https:\/\/vagas.portalemprego.com.br\/index.php?rest_route=\/wp\/v2\/posts\/1582\/revisions"}],"wp:attachment":[{"href":"https:\/\/vagas.portalemprego.com.br\/index.php?rest_route=%2Fwp%2Fv2%2Fmedia&parent=1582"}],"wp:term":[{"taxonomy":"category","embeddable":true,"href":"https:\/\/vagas.portalemprego.com.br\/index.php?rest_route=%2Fwp%2Fv2%2Fcategories&post=1582"},{"taxonomy":"post_tag","embeddable":true,"href":"https:\/\/vagas.portalemprego.com.br\/index.php?rest_route=%2Fwp%2Fv2%2Ftags&post=1582"}],"curies":[{"name":"wp","href":"https:\/\/api.w.org\/{rel}","templated":true}]}}