{"id":1584,"date":"2026-04-29T06:04:04","date_gmt":"2026-04-29T09:04:04","guid":{"rendered":"https:\/\/vagas.portalemprego.com.br\/?p=1584"},"modified":"2026-04-29T06:04:04","modified_gmt":"2026-04-29T09:04:04","slug":"auxiliar-de-manutencao-logistica-petropolis","status":"publish","type":"post","link":"https:\/\/vagas.portalemprego.com.br\/?p=1584","title":{"rendered":"Auxiliar de Manuten\u00e7\u00e3o &#8211; Log\u00edstica &#8211; Petr\u00f3polis"},"content":{"rendered":"<p>Prestar apoio \u00e0s atividades de manuten\u00e7\u00e3o preventiva e corretiva em instala\u00e7\u00f5es e infraestrutura de m\u00e1quinas, equipamentos e sistemas mec\u00e2nicos e hidropneum\u00e1ticos. Auxiliar na execu\u00e7\u00e3o de desmontagens e montagens, substitui\u00e7\u00f5es, modifica\u00e7\u00f5es, recupera\u00e7\u00f5es e troca de pe\u00e7as, bem como em alinhamentos e ajustes, garantindo o atendimento \u00e0s especifica\u00e7\u00f5es t\u00e9cnicas descritas nas Ordens de Servi\u00e7o e contribuindo para o bom funcionamento dos equipamentos.<\/p>\n<ul>\n<li>Local de trabalho: Petr\u00f3polis, RJ<\/li>\n<li>Regime de contrata\u00e7\u00e3o de tipo: Efetivo \u2013 CLT<\/li>\n<li>Jornada: Per\u00edodo Integral<\/li>\n<li>\u00c1rea e especializa\u00e7\u00e3o profissional: Log\u00edstica &#8211; Log\u00edstica<\/li>\n<li>N\u00edvel hier\u00e1rquico: Auxiliar<\/li>\n<\/ul>\n<p>VALORIZADO<\/p>\n<p>Tempo de experi\u00eancia: Entre 1 e 3 anos<\/p>\n<p>HABILIDADES<\/p>\n<ul>\n<li>Manuten\u00e7\u00e3o preventiva<\/li>\n<li>Conhecimento na NR 35<\/li>\n<li>Microsoft excel<\/li>\n<li>Trabalho em equipe<\/li>\n<li>Apoio<\/li>\n<\/ul>\n<p>Escolaridade M\u00ednima: Curso T\u00e9cnico<\/p>\n<p>Sal\u00e1rio: 2000,0<\/p>\n","protected":false},"excerpt":{"rendered":"<p>Prestar apoio \u00e0s atividades de manuten\u00e7\u00e3o preventiva e corretiva em instala\u00e7\u00f5es e infraestrutura de m\u00e1quinas, equipamentos e sistemas mec\u00e2nicos e hidropneum\u00e1ticos. Auxiliar na execu\u00e7\u00e3o de desmontagens e montagens, substitui\u00e7\u00f5es, modifica\u00e7\u00f5es, recupera\u00e7\u00f5es e troca de pe\u00e7as, bem como em alinhamentos e ajustes, garantindo o atendimento \u00e0s especifica\u00e7\u00f5es t\u00e9cnicas descritas nas Ordens de Servi\u00e7o e contribuindo para [&hellip;]<\/p>\n","protected":false},"author":1,"featured_media":0,"comment_status":"open","ping_status":"open","sticky":false,"template":"","format":"standard","meta":{"footnotes":""},"categories":[21],"tags":[],"class_list":["post-1584","post","type-post","status-publish","format-standard","hentry","category-rio-de-janeiro-rj"],"_links":{"self":[{"href":"https:\/\/vagas.portalemprego.com.br\/index.php?rest_route=\/wp\/v2\/posts\/1584","targetHints":{"allow":["GET"]}}],"collection":[{"href":"https:\/\/vagas.portalemprego.com.br\/index.php?rest_route=\/wp\/v2\/posts"}],"about":[{"href":"https:\/\/vagas.portalemprego.com.br\/index.php?rest_route=\/wp\/v2\/types\/post"}],"author":[{"embeddable":true,"href":"https:\/\/vagas.portalemprego.com.br\/index.php?rest_route=\/wp\/v2\/users\/1"}],"replies":[{"embeddable":true,"href":"https:\/\/vagas.portalemprego.com.br\/index.php?rest_route=%2Fwp%2Fv2%2Fcomments&post=1584"}],"version-history":[{"count":0,"href":"https:\/\/vagas.portalemprego.com.br\/index.php?rest_route=\/wp\/v2\/posts\/1584\/revisions"}],"wp:attachment":[{"href":"https:\/\/vagas.portalemprego.com.br\/index.php?rest_route=%2Fwp%2Fv2%2Fmedia&parent=1584"}],"wp:term":[{"taxonomy":"category","embeddable":true,"href":"https:\/\/vagas.portalemprego.com.br\/index.php?rest_route=%2Fwp%2Fv2%2Fcategories&post=1584"},{"taxonomy":"post_tag","embeddable":true,"href":"https:\/\/vagas.portalemprego.com.br\/index.php?rest_route=%2Fwp%2Fv2%2Ftags&post=1584"}],"curies":[{"name":"wp","href":"https:\/\/api.w.org\/{rel}","templated":true}]}}