{"id":1585,"date":"2026-04-29T06:05:05","date_gmt":"2026-04-29T09:05:05","guid":{"rendered":"https:\/\/vagas.portalemprego.com.br\/?p=1585"},"modified":"2026-04-29T06:05:05","modified_gmt":"2026-04-29T09:05:05","slug":"promotor-com-moto-rio-de-janeiro-comercial-vendas-rio-de-janeiro","status":"publish","type":"post","link":"https:\/\/vagas.portalemprego.com.br\/?p=1585","title":{"rendered":"Promotor com moto RIO DE JANEIRO &#8211; Comercial, Vendas &#8211; Rio de Janeiro"},"content":{"rendered":"<p>CONTRATA\u00c7\u00c3O IMEDIATA<br \/>\nPROMOTOR COM MOTO &#8211; RIO DE JANEIRO(RJ)<br \/>\nRealizar abastecimento dos produtos nas gondulas, mater o PDV limpo e com pre\u00e7o atualizado com cartaz em dias de oferta. &#8211; Seguimento DPH<br \/>\nVALE COMBUST\u00cdVEL: 700,00 (mensal)<br \/>\nVALE REFEI\u00c7\u00c3O: 22,67 (por dia)<br \/>\nSEG A SEX DAS 07h as 16h30<br \/>\nSAB 07h as 11h30<br \/>\nROTEIRO: Rio de Janeiro<br \/>\nPREMIA\u00c7\u00c3O POR ABASTECIMENTO E PONTO EXTRA<br \/>\nVAGA TEMPOR\u00c1RIA COM CHANCES DE EFETIVA\u00c7\u00c3O<\/p>\n<ul>\n<li>Local de trabalho: Rio de Janeiro, RJ<\/li>\n<li>Regime de contrata\u00e7\u00e3o de tipo: Tempor\u00e1rio<\/li>\n<li>Jornada: Per\u00edodo Integral<\/li>\n<li>\u00c1rea e especializa\u00e7\u00e3o profissional: Comercial, Vendas &#8211; Demonstrador \/ Promotor<\/li>\n<li>N\u00edvel hier\u00e1rquico: Operacional<\/li>\n<\/ul>\n<p>VALORIZADO<\/p>\n<p>Tempo de experi\u00eancia: Menos de 1 ano<\/p>\n<p>Escolaridade M\u00ednima: Ensino M\u00e9dio (2\u00ba Grau)<\/p>\n<p>Habilita\u00e7\u00e3o para dirigir: A<\/p>\n<p>Ve\u00edculo pr\u00f3prio<\/p>\n<ul>\n<li>seguro de vida<\/li>\n<li>vale refei\u00e7\u00e3o<\/li>\n<li>vale combust\u00edvel<\/li>\n<\/ul>\n<p>Sal\u00e1rio: 2347,0<\/p>\n","protected":false},"excerpt":{"rendered":"<p>CONTRATA\u00c7\u00c3O IMEDIATA PROMOTOR COM MOTO &#8211; RIO DE JANEIRO(RJ) Realizar abastecimento dos produtos nas gondulas, mater o PDV limpo e com pre\u00e7o atualizado com cartaz em dias de oferta. &#8211; Seguimento DPH VALE COMBUST\u00cdVEL: 700,00 (mensal) VALE REFEI\u00c7\u00c3O: 22,67 (por dia) SEG A SEX DAS 07h as 16h30 SAB 07h as 11h30 ROTEIRO: Rio de [&hellip;]<\/p>\n","protected":false},"author":1,"featured_media":0,"comment_status":"open","ping_status":"open","sticky":false,"template":"","format":"standard","meta":{"footnotes":""},"categories":[21],"tags":[],"class_list":["post-1585","post","type-post","status-publish","format-standard","hentry","category-rio-de-janeiro-rj"],"_links":{"self":[{"href":"https:\/\/vagas.portalemprego.com.br\/index.php?rest_route=\/wp\/v2\/posts\/1585","targetHints":{"allow":["GET"]}}],"collection":[{"href":"https:\/\/vagas.portalemprego.com.br\/index.php?rest_route=\/wp\/v2\/posts"}],"about":[{"href":"https:\/\/vagas.portalemprego.com.br\/index.php?rest_route=\/wp\/v2\/types\/post"}],"author":[{"embeddable":true,"href":"https:\/\/vagas.portalemprego.com.br\/index.php?rest_route=\/wp\/v2\/users\/1"}],"replies":[{"embeddable":true,"href":"https:\/\/vagas.portalemprego.com.br\/index.php?rest_route=%2Fwp%2Fv2%2Fcomments&post=1585"}],"version-history":[{"count":0,"href":"https:\/\/vagas.portalemprego.com.br\/index.php?rest_route=\/wp\/v2\/posts\/1585\/revisions"}],"wp:attachment":[{"href":"https:\/\/vagas.portalemprego.com.br\/index.php?rest_route=%2Fwp%2Fv2%2Fmedia&parent=1585"}],"wp:term":[{"taxonomy":"category","embeddable":true,"href":"https:\/\/vagas.portalemprego.com.br\/index.php?rest_route=%2Fwp%2Fv2%2Fcategories&post=1585"},{"taxonomy":"post_tag","embeddable":true,"href":"https:\/\/vagas.portalemprego.com.br\/index.php?rest_route=%2Fwp%2Fv2%2Ftags&post=1585"}],"curies":[{"name":"wp","href":"https:\/\/api.w.org\/{rel}","templated":true}]}}