{"id":1590,"date":"2026-04-29T06:05:05","date_gmt":"2026-04-29T09:05:05","guid":{"rendered":"https:\/\/vagas.portalemprego.com.br\/?p=1590"},"modified":"2026-04-29T06:05:05","modified_gmt":"2026-04-29T09:05:05","slug":"coordenador-de-enfermagem-saude-tres-rios","status":"publish","type":"post","link":"https:\/\/vagas.portalemprego.com.br\/?p=1590","title":{"rendered":"Coordenador de Enfermagem &#8211; Sa\u00fade &#8211; Tr\u00eas Rios"},"content":{"rendered":"<p>H\u00e1 120 anos no Brasil, a Associa\u00e7\u00e3o Congrega\u00e7\u00e3o de Santa Catarina (ACSC) administra 19 entidades com atua\u00e7\u00e3o em sa\u00fade, educa\u00e7\u00e3o e assist\u00eancia social. S\u00e3o mais de 10,5 mil colaboradores em seis estados do pa\u00eds, sempre com a miss\u00e3o de acolher e cuidar do ser humano durante todo o ciclo da vida, oferecendo atendimento humanizado, sustent\u00e1vel e de qualidade.<br \/>\nMISS\u00c3O DO CARGO<br \/>\nRespons\u00e1vel pela coordena\u00e7\u00e3o do servi\u00e7o de enfermagem da institui\u00e7\u00e3o, dentro dos princ\u00edpios da Associa\u00e7\u00e3o Congrega\u00e7\u00e3o de Santa Catarina, visando sempre melhorar a qualidade da assist\u00eancia de enfermagem oferecida, com foco na seguran\u00e7a e bem estar do paciente.<br \/>\nATRIBUI\u00c7\u00d5ES PRINCIPAIS<br \/>\nTrabalhar junto ao gerente de enfermagem, colaborando no que for preciso para melhorar a assist\u00eancia de enfermagem.<br \/>\nOrientar e supervionar os supervisores de enfermagem na execu\u00e7\u00e3o dos servi\u00e7os;<br \/>\nContribuir com a comunica\u00e7\u00e3o e informa\u00e7\u00f5es estrat\u00e9gicas sobre planejamento do hospital, planejamento dos servi\u00e7os em reuni\u00f5es peri\u00f3dicas;<br \/>\nAcompanhar o desempenho de cada setor analisando junto ao supervisor da \u00e1rea seus indicadores estrat\u00e9gicos quantitativos e qualitativos, custos, definindo metas e planos de a\u00e7\u00e3o, tendo uma vis\u00e3o ampla de seu setor, planejando or\u00e7amento e condutas de mudan\u00e7as;<br \/>\nOrientar e acompanhar sob ponto de vista t\u00e9cnico e normativo os setores, mantendo as quest\u00f5es legislativas adequadas e atualizadas, transmitindo seguran\u00e7a e transparecia no andamento dos processos;<br \/>\nRealizar treinamentos nos setores, visando a seguran\u00e7a dos pacientes;<br \/>\nParticipar do processo seletivo dos setores, provas e entrevistas coletivas com din\u00e2micas, assegurando as informa\u00e7\u00f5es necess\u00e1rias no ato da admiss\u00e3o, proporcionando clareza nas informa\u00e7\u00f5es, conhecimento do funcionamento do servi\u00e7o;<br \/>\nAssegurar as melhores medidas de entrosamento entre \u00e1reas afins, mantendo o bom funcionamento intra-hospitalar, participando de reuni\u00f5es de setores que prestam servi\u00e7o direto e indireto;<br \/>\nPromover um ambiente de trabalho com esp\u00edrito de equipe;<br \/>\nRealizar a\u00e7\u00f5es com foco na seguran\u00e7a do paciente;<br \/>\nEstabelecer uma rotina de trabalho visando satisfa\u00e7\u00e3o e bem estar para o paciente e equipe;<br \/>\nFazer distribui\u00e7\u00e3o qualitativa e quantitativa do pessoal de enfermagem;<br \/>\nElaborar as escalas de servi\u00e7o, folgas e f\u00e9rias da equipe de enfermagem;<br \/>\nFazer junto com o gerente an\u00e1lise e avalia\u00e7\u00e3o dos cuidados de enfermagem prestados aos pacientes;<br \/>\nConvocar e presidir reuni\u00f5es com o pessoal da enfermagem;<br \/>\nCoordenar e elaborar programas de educa\u00e7\u00e3o em servi\u00e7o;<br \/>\nDesenvolver atividades de pesquisas em assuntos de enfermagem;<br \/>\nAuxiliar na elabora\u00e7\u00e3o e desenvolvimento do planejamento estrat\u00e9gico da \u00e1rea de enfermagem;<br \/>\nGarantir a realiza\u00e7\u00e3o do MAE (modelo assistencial de enfermagem) em todas as \u00e1reas assistenciais<br \/>\nCOMPET\u00caNCIAS T\u00c9CNICAS<br \/>\nEnsino Superior Completo em Enfermagem com desej\u00e1vel P\u00f3s-Gradua\u00e7\u00e3o<br \/>\nPacote Office.<br \/>\nGest\u00e3o de equipes de enfermagem (dimensionamento, escalas, cobertura de plant\u00f5es)<br \/>\nPlanejamento, organiza\u00e7\u00e3o e supervis\u00e3o da assist\u00eancia de enfermagem<br \/>\nConhecimento e aplica\u00e7\u00e3o das normas do COFEN\/COREN<br \/>\nDom\u00ednio de protocolos assistenciais, fluxos e rotinas hospitalares<br \/>\nGest\u00e3o da qualidade e seguran\u00e7a do paciente<br \/>\nIndicadores assistenciais (taxa de eventos adversos, absente\u00edsmo, rotatividade, etc.)<br \/>\nAuditoria de processos de enfermagem e prontu\u00e1rios<br \/>\nGest\u00e3o de recursos materiais e insumos da \u00e1rea de enfermagem<br \/>\nInterface com setores multiprofissionais e \u00e1reas assistenciais<br \/>\nElabora\u00e7\u00e3o e acompanhamento de planos de a\u00e7\u00e3o<br \/>\nConhecimento em legisla\u00e7\u00e3o sanit\u00e1ria e normas da ANVISA<br \/>\nApoio t\u00e9cnico \u00e0s equipes em situa\u00e7\u00f5es cr\u00edticas e tomada de decis\u00e3o cl\u00ednica<\/p>\n<p>Atuar em Tr\u00eas Rios, presencial!<\/p>\n<p>Venha fazer parte do nosso time<br \/>\nE se voc\u00ea j\u00e1 \u00e9 nosso colaborador, fique atento:<br \/>\nCrit\u00e9rios VAGA INTERNA:<br \/>\nTer no m\u00ednimo 6 meses de perman\u00eancia no cargo atual.<br \/>\nN\u00e3o possuir faltas injustificadas e advert\u00eancias durante os \u00faltimos 6 meses.<br \/>\nTer conclu\u00eddo os cursos obrigat\u00f3rios e a trilha do compliance.<br \/>\ncadastro formulario no DP para autoriza\u00e7\u00e3o da Lideran\u00e7a<\/p>\n<ul>\n<li>Local de trabalho: Tr\u00eas Rios, RJ<\/li>\n<li>Regime de contrata\u00e7\u00e3o de tipo: Efetivo \u2013 CLT<\/li>\n<li>Jornada: Per\u00edodo Integral<\/li>\n<li>\u00c1rea e especializa\u00e7\u00e3o profissional: Sa\u00fade &#8211; Enfermagem<\/li>\n<li>N\u00edvel hier\u00e1rquico: Coordenador<\/li>\n<\/ul>\n<p>VALORIZADO<\/p>\n<p>Tempo de experi\u00eancia: Menos de 1 ano<\/p>\n<p>HABILIDADES<\/p>\n<ul>\n<li>PONTUAL<\/li>\n<li>INFORMATICA BASICA<\/li>\n<li>TECNICAS DE ATENDIMENTO<\/li>\n<li>ORGANIZADO<\/li>\n<li>COMUNICATIVO<\/li>\n<li>SIMPATICO<\/li>\n<li>EDUCADO<\/li>\n<\/ul>\n<p>Escolaridade M\u00ednima: Ensino Superior<\/p>\n<p>Forma\u00e7\u00e3o desejada:<\/p>\n<ul>\n<li>Enfermagem, Ensino Superior<\/li>\n<\/ul>\n<p>Idiomas:<\/p>\n<ul>\n<li>Portugu\u00eas (Nativo)<\/li>\n<\/ul>\n<ul>\n<li>AUXILIO FARMACIA<\/li>\n<li>WELLHUB<\/li>\n<li>ASSISTENCIA MEDICA<\/li>\n<li>SAUDE MENTAL<\/li>\n<li>PARCERIA SESC<\/li>\n<li>SEGURO DE VIDA<\/li>\n<li>ASSISTENCIA ODONTOLOGICA<\/li>\n<li>REFEI\u00c7\u00c3O NO LOCAL<\/li>\n<li>VALE ALIMENTA\u00c7\u00c3O<\/li>\n<li>VALE TRANSPORTE<\/li>\n<li>AUXILIO CRECHE<\/li>\n<\/ul>\n","protected":false},"excerpt":{"rendered":"<p>H\u00e1 120 anos no Brasil, a Associa\u00e7\u00e3o Congrega\u00e7\u00e3o de Santa Catarina (ACSC) administra 19 entidades com atua\u00e7\u00e3o em sa\u00fade, educa\u00e7\u00e3o e assist\u00eancia social. S\u00e3o mais de 10,5 mil colaboradores em seis estados do pa\u00eds, sempre com a miss\u00e3o de acolher e cuidar do ser humano durante todo o ciclo da vida, oferecendo atendimento humanizado, sustent\u00e1vel [&hellip;]<\/p>\n","protected":false},"author":1,"featured_media":0,"comment_status":"open","ping_status":"open","sticky":false,"template":"","format":"standard","meta":{"footnotes":""},"categories":[21],"tags":[],"class_list":["post-1590","post","type-post","status-publish","format-standard","hentry","category-rio-de-janeiro-rj"],"_links":{"self":[{"href":"https:\/\/vagas.portalemprego.com.br\/index.php?rest_route=\/wp\/v2\/posts\/1590","targetHints":{"allow":["GET"]}}],"collection":[{"href":"https:\/\/vagas.portalemprego.com.br\/index.php?rest_route=\/wp\/v2\/posts"}],"about":[{"href":"https:\/\/vagas.portalemprego.com.br\/index.php?rest_route=\/wp\/v2\/types\/post"}],"author":[{"embeddable":true,"href":"https:\/\/vagas.portalemprego.com.br\/index.php?rest_route=\/wp\/v2\/users\/1"}],"replies":[{"embeddable":true,"href":"https:\/\/vagas.portalemprego.com.br\/index.php?rest_route=%2Fwp%2Fv2%2Fcomments&post=1590"}],"version-history":[{"count":0,"href":"https:\/\/vagas.portalemprego.com.br\/index.php?rest_route=\/wp\/v2\/posts\/1590\/revisions"}],"wp:attachment":[{"href":"https:\/\/vagas.portalemprego.com.br\/index.php?rest_route=%2Fwp%2Fv2%2Fmedia&parent=1590"}],"wp:term":[{"taxonomy":"category","embeddable":true,"href":"https:\/\/vagas.portalemprego.com.br\/index.php?rest_route=%2Fwp%2Fv2%2Fcategories&post=1590"},{"taxonomy":"post_tag","embeddable":true,"href":"https:\/\/vagas.portalemprego.com.br\/index.php?rest_route=%2Fwp%2Fv2%2Ftags&post=1590"}],"curies":[{"name":"wp","href":"https:\/\/api.w.org\/{rel}","templated":true}]}}