{"id":1591,"date":"2026-04-29T06:05:05","date_gmt":"2026-04-29T09:05:05","guid":{"rendered":"https:\/\/vagas.portalemprego.com.br\/?p=1591"},"modified":"2026-04-29T06:05:05","modified_gmt":"2026-04-29T09:05:05","slug":"tecnico-de-instrumentacao-i-logistica-rio-de-janeiro","status":"publish","type":"post","link":"https:\/\/vagas.portalemprego.com.br\/?p=1591","title":{"rendered":"T\u00e9cnico de Instrumenta\u00e7\u00e3o I &#8211; Log\u00edstica &#8211; Rio de Janeiro"},"content":{"rendered":"<p>Analisam tecnicamente a aquisi\u00e7\u00e3o de produtos e servi\u00e7os de medi\u00e7\u00e3o e de controle. gerenciam documenta\u00e7\u00e3o t\u00e9cnica e sistemas de confiabilidade; podem coordenar equipes de trabalho; fazem medi\u00e7\u00e3o. calibram padr\u00f5es, equipamentos, sistemas e instrumentos de medi\u00e7\u00e3o e de controle. executam, avaliam e realizam manuten\u00e7\u00e3o preventiva e ou corretiva de equipamentos e instrumentos de medi\u00e7\u00e3o e de controle. desenvolvem, testam, calibram, operam e reparam instrumentos, aparelhos e equipamentos de medi\u00e7\u00e3o e controles el\u00e9tricos, mec\u00e2nicos, eletromec\u00e2nicos, eletro hidr\u00e1ulicos e eletr\u00f4nicos.<\/p>\n<ul>\n<li>Local de trabalho: Rio de Janeiro, RJ<\/li>\n<li>Regime de contrata\u00e7\u00e3o de tipo: Efetivo \u2013 CLT<\/li>\n<li>Jornada: Per\u00edodo Integral<\/li>\n<li>\u00c1rea e especializa\u00e7\u00e3o profissional: Log\u00edstica &#8211; Log\u00edstica<\/li>\n<li>N\u00edvel hier\u00e1rquico: Operacional<\/li>\n<\/ul>\n<p>VALORIZADO<\/p>\n<p>Tempo de experi\u00eancia: Entre 1 e 3 anos<\/p>\n<p>HABILIDADES<\/p>\n<ul>\n<li>Medi\u00e7\u00e3o<\/li>\n<li>Experi\u00eancia com calibra\u00e7\u00e3o de instrumentos<\/li>\n<li>Servi\u00e7o ao cliente<\/li>\n<li>Gerenciamento de equipe<\/li>\n<li>Aquisi\u00e7\u00f5es<\/li>\n<\/ul>\n<p>Escolaridade M\u00ednima: Curso T\u00e9cnico<\/p>\n<p>Idiomas:<\/p>\n<ul>\n<li>Ingl\u00eas (Intermedi\u00e1rio)<\/li>\n<\/ul>\n<p>Sal\u00e1rio: 3985,63<\/p>\n","protected":false},"excerpt":{"rendered":"<p>Analisam tecnicamente a aquisi\u00e7\u00e3o de produtos e servi\u00e7os de medi\u00e7\u00e3o e de controle. gerenciam documenta\u00e7\u00e3o t\u00e9cnica e sistemas de confiabilidade; podem coordenar equipes de trabalho; fazem medi\u00e7\u00e3o. calibram padr\u00f5es, equipamentos, sistemas e instrumentos de medi\u00e7\u00e3o e de controle. executam, avaliam e realizam manuten\u00e7\u00e3o preventiva e ou corretiva de equipamentos e instrumentos de medi\u00e7\u00e3o e de [&hellip;]<\/p>\n","protected":false},"author":1,"featured_media":0,"comment_status":"open","ping_status":"open","sticky":false,"template":"","format":"standard","meta":{"footnotes":""},"categories":[21],"tags":[],"class_list":["post-1591","post","type-post","status-publish","format-standard","hentry","category-rio-de-janeiro-rj"],"_links":{"self":[{"href":"https:\/\/vagas.portalemprego.com.br\/index.php?rest_route=\/wp\/v2\/posts\/1591","targetHints":{"allow":["GET"]}}],"collection":[{"href":"https:\/\/vagas.portalemprego.com.br\/index.php?rest_route=\/wp\/v2\/posts"}],"about":[{"href":"https:\/\/vagas.portalemprego.com.br\/index.php?rest_route=\/wp\/v2\/types\/post"}],"author":[{"embeddable":true,"href":"https:\/\/vagas.portalemprego.com.br\/index.php?rest_route=\/wp\/v2\/users\/1"}],"replies":[{"embeddable":true,"href":"https:\/\/vagas.portalemprego.com.br\/index.php?rest_route=%2Fwp%2Fv2%2Fcomments&post=1591"}],"version-history":[{"count":0,"href":"https:\/\/vagas.portalemprego.com.br\/index.php?rest_route=\/wp\/v2\/posts\/1591\/revisions"}],"wp:attachment":[{"href":"https:\/\/vagas.portalemprego.com.br\/index.php?rest_route=%2Fwp%2Fv2%2Fmedia&parent=1591"}],"wp:term":[{"taxonomy":"category","embeddable":true,"href":"https:\/\/vagas.portalemprego.com.br\/index.php?rest_route=%2Fwp%2Fv2%2Fcategories&post=1591"},{"taxonomy":"post_tag","embeddable":true,"href":"https:\/\/vagas.portalemprego.com.br\/index.php?rest_route=%2Fwp%2Fv2%2Ftags&post=1591"}],"curies":[{"name":"wp","href":"https:\/\/api.w.org\/{rel}","templated":true}]}}