{"id":1594,"date":"2026-04-29T06:05:05","date_gmt":"2026-04-29T09:05:05","guid":{"rendered":"https:\/\/vagas.portalemprego.com.br\/?p=1594"},"modified":"2026-04-29T06:05:05","modified_gmt":"2026-04-29T09:05:05","slug":"supervisor-operacional-industrial-producao-fabrica-campos-dos-goytacazes","status":"publish","type":"post","link":"https:\/\/vagas.portalemprego.com.br\/?p=1594","title":{"rendered":"Supervisor Operacional &#8211; Industrial, Produ\u00e7\u00e3o, F\u00e1brica &#8211; Campos dos Goytacazes"},"content":{"rendered":"<p>Principais atividades:<br \/>\n Liderar equipes de campo e operacionais, garantindo a execu\u00e7\u00e3o das atividades de instala\u00e7\u00e3o, manuten\u00e7\u00e3o e reparo de redes com seguran\u00e7a, qualidade e dentro dos prazos estabelecidos.<br \/>\nSer\u00e1 respons\u00e1vel por acompanhar o desempenho das equipes, assegurar o cumprimento de metas e cronogramas dos projetos, fiscalizar a correta utiliza\u00e7\u00e3o de EPIs e demais procedimentos de seguran\u00e7a, al\u00e9m de garantir o padr\u00e3o t\u00e9cnico e a qualidade dos servi\u00e7os executados.<br \/>\nTamb\u00e9m atuar\u00e1 no suporte \u00e0 opera\u00e7\u00e3o, distribui\u00e7\u00e3o de demandas, acompanhamento das frentes de trabalho e interface com as \u00e1reas envolvidas, contribuindo para a efici\u00eancia operacional e a entrega dos resultados.<br \/>\nRequisitos:<br \/>\nExperi\u00eancia pr\u00e9via  na \u00e1rea de telecomunica\u00e7\u00f5es;<br \/>\nHabilidade no uso de ferramentas de medi\u00e7\u00e3o e diagn\u00f3stico;<br \/>\nCNH categoria B;<br \/>\nBoa comunica\u00e7\u00e3o e orienta\u00e7\u00e3o para o atendimento ao cliente;<br \/>\nDisponibilidade para trabalho em regime rotativo e\/ou fins de semana.<br \/>\nBenef\u00edcios:<br \/>\nSal\u00e1rio compat\u00edvel com o mercado<br \/>\nProdutividade atrativa<br \/>\nVale refei\u00e7\u00e3o (VR flex\u00edvel)<br \/>\nVale Transporte<br \/>\nPlano de Sa\u00fade<br \/>\nPlano Odontol\u00f3gico<br \/>\nDisponibilidade de agregamento de ve\u00edculo<br \/>\nVale Combust\u00edvel<br \/>\nTotal Pass<br \/>\nDay Off de aniver\u00e1rio<\/p>\n<ul>\n<li>Local de trabalho: Campos dos Goytacazes, RJ<\/li>\n<li>Regime de contrata\u00e7\u00e3o de tipo: Efetivo \u2013 CLT<\/li>\n<li>Jornada: Per\u00edodo Integral<\/li>\n<li>\u00c1rea e especializa\u00e7\u00e3o profissional: Industrial, Produ\u00e7\u00e3o, F\u00e1brica &#8211; Produ\u00e7\u00e3o<\/li>\n<li>N\u00edvel hier\u00e1rquico: Supervisor<\/li>\n<\/ul>\n<p>VALORIZADO<\/p>\n<p>Tempo de experi\u00eancia: Entre 1 e 3 anos<\/p>\n<p>Escolaridade M\u00ednima: Curso T\u00e9cnico<\/p>\n<p>Habilita\u00e7\u00e3o para dirigir: B<\/p>\n","protected":false},"excerpt":{"rendered":"<p>Principais atividades: Liderar equipes de campo e operacionais, garantindo a execu\u00e7\u00e3o das atividades de instala\u00e7\u00e3o, manuten\u00e7\u00e3o e reparo de redes com seguran\u00e7a, qualidade e dentro dos prazos estabelecidos. Ser\u00e1 respons\u00e1vel por acompanhar o desempenho das equipes, assegurar o cumprimento de metas e cronogramas dos projetos, fiscalizar a correta utiliza\u00e7\u00e3o de EPIs e demais procedimentos de [&hellip;]<\/p>\n","protected":false},"author":1,"featured_media":0,"comment_status":"open","ping_status":"open","sticky":false,"template":"","format":"standard","meta":{"footnotes":""},"categories":[21],"tags":[],"class_list":["post-1594","post","type-post","status-publish","format-standard","hentry","category-rio-de-janeiro-rj"],"_links":{"self":[{"href":"https:\/\/vagas.portalemprego.com.br\/index.php?rest_route=\/wp\/v2\/posts\/1594","targetHints":{"allow":["GET"]}}],"collection":[{"href":"https:\/\/vagas.portalemprego.com.br\/index.php?rest_route=\/wp\/v2\/posts"}],"about":[{"href":"https:\/\/vagas.portalemprego.com.br\/index.php?rest_route=\/wp\/v2\/types\/post"}],"author":[{"embeddable":true,"href":"https:\/\/vagas.portalemprego.com.br\/index.php?rest_route=\/wp\/v2\/users\/1"}],"replies":[{"embeddable":true,"href":"https:\/\/vagas.portalemprego.com.br\/index.php?rest_route=%2Fwp%2Fv2%2Fcomments&post=1594"}],"version-history":[{"count":0,"href":"https:\/\/vagas.portalemprego.com.br\/index.php?rest_route=\/wp\/v2\/posts\/1594\/revisions"}],"wp:attachment":[{"href":"https:\/\/vagas.portalemprego.com.br\/index.php?rest_route=%2Fwp%2Fv2%2Fmedia&parent=1594"}],"wp:term":[{"taxonomy":"category","embeddable":true,"href":"https:\/\/vagas.portalemprego.com.br\/index.php?rest_route=%2Fwp%2Fv2%2Fcategories&post=1594"},{"taxonomy":"post_tag","embeddable":true,"href":"https:\/\/vagas.portalemprego.com.br\/index.php?rest_route=%2Fwp%2Fv2%2Ftags&post=1594"}],"curies":[{"name":"wp","href":"https:\/\/api.w.org\/{rel}","templated":true}]}}