{"id":1596,"date":"2026-04-29T06:05:05","date_gmt":"2026-04-29T09:05:05","guid":{"rendered":"https:\/\/vagas.portalemprego.com.br\/?p=1596"},"modified":"2026-04-29T06:05:05","modified_gmt":"2026-04-29T09:05:05","slug":"vendedor-de-materiais-eletricos-comercial-vendas-rio-de-janeiro","status":"publish","type":"post","link":"https:\/\/vagas.portalemprego.com.br\/?p=1596","title":{"rendered":"VENDEDOR DE MATERIAIS EL\u00c9TRICOS &#8211; Comercial, Vendas &#8211; Rio de Janeiro"},"content":{"rendered":"<p>Somos uma empresa 100% nacional e um dos maiores distribuidores de materiais el\u00e9tricos do Brasil.\u00a0Ao todo contamos com\u00a08 filiais\u00a0e\u00a04 centros de distribui\u00e7\u00e3o\u00a0espalhados pelo pa\u00eds.<br \/>\n\u00a0Convidamos voc\u00ea para tamb\u00e9m se tornar um\u00a0Mater\u00a0e fazer parte da nossa equipe de profissionais engajados em transformar o mundo da\u00a0energia!<br \/>\n\u00a0Gostar\u00edamos muito de conhecer um pouco mais sobre voc\u00ea!<br \/>\nResponsabilidades e atribui\u00e7\u00f5es:\u00a0<br \/>\nRealizar as atividades de atendimento aos clientes e vendas, elaborando or\u00e7amentos, respondendo a cota\u00e7\u00f5es e negociando condi\u00e7\u00f5es;<br \/>\nEsclarecer informa\u00e7\u00f5es sobre produtos e materiais;<br \/>\nRealizar o controle e acompanhamento dos pedidos em andamento, verificando pend\u00eancias e prazos bem como solicitando a\u00e7\u00f5es corretivas;<br \/>\nRealizar as atividades de prospec\u00e7\u00e3o de clientes, entrando em contato com potenciais clientes e apresentando a empresa e os produtos;<br \/>\nRealizar visitas a clientes, apresentando a empresa ou acompanhando a \u00e1rea t\u00e9cnica para esclarecer quest\u00f5es t\u00e9cnicas de projetos;<br \/>\nRepresentar a empresa em quest\u00f5es de cobran\u00e7a, apoiando a \u00e1rea de cobran\u00e7a e intermediando as negocia\u00e7\u00f5es;<br \/>\nRealizar a an\u00e1lise dos pedidos dos clientes e oferecer alternativas de produtos ou servi\u00e7os.<\/p>\n<ul>\n<li>Local de trabalho: Rio de Janeiro, RJ<\/li>\n<li>Regime de contrata\u00e7\u00e3o de tipo: Efetivo \u2013 CLT<\/li>\n<li>Jornada: Per\u00edodo Integral<\/li>\n<li>\u00c1rea e especializa\u00e7\u00e3o profissional: Comercial, Vendas &#8211; Venda Interna<\/li>\n<li>N\u00edvel hier\u00e1rquico: Analista<\/li>\n<\/ul>\n<p>VALORIZADO<\/p>\n<p>Tempo de experi\u00eancia: Entre 1 e 3 anos<\/p>\n<p>Escolaridade M\u00ednima: Ensino M\u00e9dio (2\u00ba Grau)<\/p>\n","protected":false},"excerpt":{"rendered":"<p>Somos uma empresa 100% nacional e um dos maiores distribuidores de materiais el\u00e9tricos do Brasil.\u00a0Ao todo contamos com\u00a08 filiais\u00a0e\u00a04 centros de distribui\u00e7\u00e3o\u00a0espalhados pelo pa\u00eds. \u00a0Convidamos voc\u00ea para tamb\u00e9m se tornar um\u00a0Mater\u00a0e fazer parte da nossa equipe de profissionais engajados em transformar o mundo da\u00a0energia! \u00a0Gostar\u00edamos muito de conhecer um pouco mais sobre voc\u00ea! Responsabilidades e [&hellip;]<\/p>\n","protected":false},"author":1,"featured_media":0,"comment_status":"open","ping_status":"open","sticky":false,"template":"","format":"standard","meta":{"footnotes":""},"categories":[21],"tags":[],"class_list":["post-1596","post","type-post","status-publish","format-standard","hentry","category-rio-de-janeiro-rj"],"_links":{"self":[{"href":"https:\/\/vagas.portalemprego.com.br\/index.php?rest_route=\/wp\/v2\/posts\/1596","targetHints":{"allow":["GET"]}}],"collection":[{"href":"https:\/\/vagas.portalemprego.com.br\/index.php?rest_route=\/wp\/v2\/posts"}],"about":[{"href":"https:\/\/vagas.portalemprego.com.br\/index.php?rest_route=\/wp\/v2\/types\/post"}],"author":[{"embeddable":true,"href":"https:\/\/vagas.portalemprego.com.br\/index.php?rest_route=\/wp\/v2\/users\/1"}],"replies":[{"embeddable":true,"href":"https:\/\/vagas.portalemprego.com.br\/index.php?rest_route=%2Fwp%2Fv2%2Fcomments&post=1596"}],"version-history":[{"count":0,"href":"https:\/\/vagas.portalemprego.com.br\/index.php?rest_route=\/wp\/v2\/posts\/1596\/revisions"}],"wp:attachment":[{"href":"https:\/\/vagas.portalemprego.com.br\/index.php?rest_route=%2Fwp%2Fv2%2Fmedia&parent=1596"}],"wp:term":[{"taxonomy":"category","embeddable":true,"href":"https:\/\/vagas.portalemprego.com.br\/index.php?rest_route=%2Fwp%2Fv2%2Fcategories&post=1596"},{"taxonomy":"post_tag","embeddable":true,"href":"https:\/\/vagas.portalemprego.com.br\/index.php?rest_route=%2Fwp%2Fv2%2Ftags&post=1596"}],"curies":[{"name":"wp","href":"https:\/\/api.w.org\/{rel}","templated":true}]}}