{"id":1597,"date":"2026-04-29T06:05:05","date_gmt":"2026-04-29T09:05:05","guid":{"rendered":"https:\/\/vagas.portalemprego.com.br\/?p=1597"},"modified":"2026-04-29T06:05:05","modified_gmt":"2026-04-29T09:05:05","slug":"marceneiro-industrial-producao-fabrica-rio-de-janeiro-2","status":"publish","type":"post","link":"https:\/\/vagas.portalemprego.com.br\/?p=1597","title":{"rendered":"Marceneiro &#8211; Industrial, Produ\u00e7\u00e3o, F\u00e1brica &#8211; Rio de Janeiro"},"content":{"rendered":"<p>Principais Responsabilidades:<br \/>\nExecutar a presta\u00e7\u00e3o de todos os servi\u00e7os preventivos e corretivos pertinentes \u00e0 \u00e1rea.<br \/>\nInspecionar periodicamente o estado das instala\u00e7\u00f5es, realizando an\u00e1lise e controle das condi\u00e7\u00f5es encontradas.<br \/>\nExecutar a montagem e desmontagem de divis\u00f3rias.<br \/>\nConfeccionar balc\u00f5es de divis\u00f3rias.<br \/>\nConfeccionar e instalar prateleiras.<br \/>\nMontar e desmontar divis\u00f3rias em gesso acartonado (drywall).<br \/>\nConfeccionar balc\u00f5es em compensado revestido em laminado melam\u00ednico.<br \/>\nConfeccionar rampas de acesso em compensado.<br \/>\nRealizar pronto atendimento a qualquer hora, em casos de emerg\u00eancia.<br \/>\nExecutar outras atividades n\u00e3o especificadas, desde que inerentes \u00e0 fun\u00e7\u00e3o.<\/p>\n<ul>\n<li>N\u00famero de vagas: 8<\/li>\n<li>Local de trabalho: Rio de Janeiro, RJ<\/li>\n<li>Regime de contrata\u00e7\u00e3o de tipo: Efetivo \u2013 CLT<\/li>\n<li>Jornada: Per\u00edodo Integral<\/li>\n<li>\u00c1rea e especializa\u00e7\u00e3o profissional: Industrial, Produ\u00e7\u00e3o, F\u00e1brica &#8211; Carpintaria \/ Montagem de M\u00f3veis<\/li>\n<li>N\u00edvel hier\u00e1rquico: Operacional<\/li>\n<\/ul>\n<p>VALORIZADO<\/p>\n<p>Tempo de experi\u00eancia: Entre 1 e 3 anos<\/p>\n<p>HABILIDADES<\/p>\n<ul>\n<li>Curso NR35<\/li>\n<li>Aten\u00e7\u00e3o aos detalhes<\/li>\n<li>Responsabilidade<\/li>\n<li>Experi\u00eancia na \u00e1rea  de montagem\/desmontagem de divis\u00f3rias  de todos os tipo<\/li>\n<li>Capacidade de leitura e interpreta\u00e7\u00e3o de projetos t\u00e9cnicos<\/li>\n<li>Experi\u00eancia comprovada como Marceneiro<\/li>\n<li>Habilidade com ferramentas manuais e el\u00e9tricas<\/li>\n<li>Organiza\u00e7\u00e3o<\/li>\n<\/ul>\n<p>Escolaridade M\u00ednima: Ensino M\u00e9dio (2\u00ba Grau)<\/p>\n<ul>\n<li>Assiduidade<\/li>\n<li>Plano Odontol\u00f3gico<\/li>\n<li>Plano de Sa\u00fade<\/li>\n<li>Seguro de Vida<\/li>\n<li>Vale Alimenta\u00e7\u00e3o<\/li>\n<li>Conv\u00e9nio com SESI<\/li>\n<li>Vale Transporte<\/li>\n<li>Wellhub(antigo gympass)<\/li>\n<\/ul>\n<p>Sal\u00e1rio: 3156,51<\/p>\n","protected":false},"excerpt":{"rendered":"<p>Principais Responsabilidades: Executar a presta\u00e7\u00e3o de todos os servi\u00e7os preventivos e corretivos pertinentes \u00e0 \u00e1rea. Inspecionar periodicamente o estado das instala\u00e7\u00f5es, realizando an\u00e1lise e controle das condi\u00e7\u00f5es encontradas. Executar a montagem e desmontagem de divis\u00f3rias. Confeccionar balc\u00f5es de divis\u00f3rias. Confeccionar e instalar prateleiras. Montar e desmontar divis\u00f3rias em gesso acartonado (drywall). Confeccionar balc\u00f5es em compensado [&hellip;]<\/p>\n","protected":false},"author":1,"featured_media":0,"comment_status":"open","ping_status":"open","sticky":false,"template":"","format":"standard","meta":{"footnotes":""},"categories":[21],"tags":[],"class_list":["post-1597","post","type-post","status-publish","format-standard","hentry","category-rio-de-janeiro-rj"],"_links":{"self":[{"href":"https:\/\/vagas.portalemprego.com.br\/index.php?rest_route=\/wp\/v2\/posts\/1597","targetHints":{"allow":["GET"]}}],"collection":[{"href":"https:\/\/vagas.portalemprego.com.br\/index.php?rest_route=\/wp\/v2\/posts"}],"about":[{"href":"https:\/\/vagas.portalemprego.com.br\/index.php?rest_route=\/wp\/v2\/types\/post"}],"author":[{"embeddable":true,"href":"https:\/\/vagas.portalemprego.com.br\/index.php?rest_route=\/wp\/v2\/users\/1"}],"replies":[{"embeddable":true,"href":"https:\/\/vagas.portalemprego.com.br\/index.php?rest_route=%2Fwp%2Fv2%2Fcomments&post=1597"}],"version-history":[{"count":0,"href":"https:\/\/vagas.portalemprego.com.br\/index.php?rest_route=\/wp\/v2\/posts\/1597\/revisions"}],"wp:attachment":[{"href":"https:\/\/vagas.portalemprego.com.br\/index.php?rest_route=%2Fwp%2Fv2%2Fmedia&parent=1597"}],"wp:term":[{"taxonomy":"category","embeddable":true,"href":"https:\/\/vagas.portalemprego.com.br\/index.php?rest_route=%2Fwp%2Fv2%2Fcategories&post=1597"},{"taxonomy":"post_tag","embeddable":true,"href":"https:\/\/vagas.portalemprego.com.br\/index.php?rest_route=%2Fwp%2Fv2%2Ftags&post=1597"}],"curies":[{"name":"wp","href":"https:\/\/api.w.org\/{rel}","templated":true}]}}