{"id":1599,"date":"2026-04-29T06:05:05","date_gmt":"2026-04-29T09:05:05","guid":{"rendered":"https:\/\/vagas.portalemprego.com.br\/?p=1599"},"modified":"2026-04-29T06:05:05","modified_gmt":"2026-04-29T09:05:05","slug":"operador-de-cartao-volta-redonda-vila-rica-comercial-vendas-volta-redonda","status":"publish","type":"post","link":"https:\/\/vagas.portalemprego.com.br\/?p=1599","title":{"rendered":"OPERADOR DE CART\u00c3O &#8211; VOLTA REDONDA VILA RICA &#8211; Comercial, Vendas &#8211; Volta Redonda"},"content":{"rendered":"<p>PROCESSO\u00a0SELETIVO\u00a0&#8211;\u00a0GRUPO\u00a0MAZZINI<br \/>\nEstamos\u00a0buscando\u00a0profissionais\u00a0dedicados\u00a0para\u00a0integrar\u00a0nossa\u00a0equipe\u00a0como\u00a0Operador\u00a0Comercial\u00a0de\u00a0Cart\u00e3o.\u00a0Esta\u00a0\u00e9\u00a0uma\u00a0excelente\u00a0oportunidade\u00a0para\u00a0quem\u00a0deseja\u00a0fazer\u00a0parte\u00a0de\u00a0uma\u00a0equipe\u00a0din\u00e2mica\u00a0em\u00a0uma\u00a0empresa\u00a0de\u00a0renome\u00a0internacional.<br \/>\nResponsabilidades:<br \/>\n&#8211;\u00a0Abordagem\u00a0do\u00a0cliente\u00a0interno;<br \/>\n&#8211;\u00a0Ofertar\u00a0os\u00a0produtos\u00a0financeiros\u00a0da\u00a0loja\u00a0que\u00a0s\u00e3o\u00a0o\u00a0cart\u00e3o\u00a0,\u00a0seguro,\u00a0prote\u00e7\u00e3o;<br \/>\n&#8211;\u00a0Auxiliar\u00a0na\u00a0impress\u00e3o\u00a0de\u00a0faturas\u00a0e\u00a0pagamentos,\u00a0dentre\u00a0outros.<br \/>\nRequisitos:<br \/>\n&#8211;\u00a0Ter\u00a018\u00a0anos\u00a0ou\u00a0mais<br \/>\n&#8211;\u00a0Boa\u00a0comunica\u00e7\u00e3o\u00a0e\u00a0habilidade\u00a0para\u00a0atendimento\u00a0ao\u00a0p\u00fablico;<br \/>\n&#8211;\u00a0Proatividade\u00a0e\u00a0disposi\u00e7\u00e3o\u00a0para\u00a0aprender.<br \/>\n&#8211;\u00a0Documentos\u00a0pessoais\u00a0completos;<br \/>\nOferecemos:<br \/>\n&#8211;\u00a0Sal\u00e1rio:\u00a0R2.106,00\u00a0por\u00a0m\u00eas<br \/>\n&#8211;\u00a0Refei\u00e7\u00e3o\u00a0no\u00a0local<br \/>\n&#8211;\u00a0Vale\u00a0Transporte<br \/>\n&#8211;\u00a0Seguro\u00a0de\u00a0Vida<br \/>\nHor\u00e1rio\u00a0de\u00a0Trabalho: escala \u00a06x1com\u00a0intervalo\u00a0de\u00a01\u00a0hora\u00a0para\u00a0descanso\u00a0e\u00a0refei\u00e7\u00e3o.<br \/>\nVaga\u00a0Tempor\u00e1ria\u00a0com\u00a0Possibilidades\u00a0de\u00a0Prorroga\u00e7\u00e3o\u00a0e\/ou\u00a0Efetiva\u00e7\u00e3o!<br \/>\nLocal trabalho :Atacad\u00e3o \u2013 Vila Rica \u2013 Volta Redonda &#8211; endere\u00e7o: Av. 2, 10 &#8211; Jardim Vila Rica &#8211; Tiradentes, Volta Redonda &#8211; RJ, 27259-000 (REFER\u00caNCIA: ANTIGO MAKRO)<\/p>\n<ul>\n<li>Local de trabalho: Volta Redonda, RJ<\/li>\n<li>Regime de contrata\u00e7\u00e3o de tipo: Tempor\u00e1rio<\/li>\n<li>Jornada: Parcial tardes<\/li>\n<li>\u00c1rea e especializa\u00e7\u00e3o profissional: Comercial, Vendas &#8211; Atendimento<\/li>\n<li>N\u00edvel hier\u00e1rquico: Operacional<\/li>\n<\/ul>\n<p>VALORIZADO<\/p>\n<p>Tempo de experi\u00eancia: Entre 1 e 3 anos<\/p>\n<p>Escolaridade M\u00ednima: Ensino M\u00e9dio (2\u00ba Grau)<\/p>\n<p>Forma\u00e7\u00e3o desejada:<\/p>\n<ul>\n<li>Ensino M\u00e9dio (2\u00ba Grau)<\/li>\n<\/ul>\n<ul>\n<li>VALE TRANSPORTE , REFEI\u00c7\u00c3O NO LOCAL E SEGURO DE VIDA<\/li>\n<\/ul>\n<p>Sal\u00e1rio: 2106,0<\/p>\n","protected":false},"excerpt":{"rendered":"<p>PROCESSO\u00a0SELETIVO\u00a0&#8211;\u00a0GRUPO\u00a0MAZZINI Estamos\u00a0buscando\u00a0profissionais\u00a0dedicados\u00a0para\u00a0integrar\u00a0nossa\u00a0equipe\u00a0como\u00a0Operador\u00a0Comercial\u00a0de\u00a0Cart\u00e3o.\u00a0Esta\u00a0\u00e9\u00a0uma\u00a0excelente\u00a0oportunidade\u00a0para\u00a0quem\u00a0deseja\u00a0fazer\u00a0parte\u00a0de\u00a0uma\u00a0equipe\u00a0din\u00e2mica\u00a0em\u00a0uma\u00a0empresa\u00a0de\u00a0renome\u00a0internacional. Responsabilidades: &#8211;\u00a0Abordagem\u00a0do\u00a0cliente\u00a0interno; &#8211;\u00a0Ofertar\u00a0os\u00a0produtos\u00a0financeiros\u00a0da\u00a0loja\u00a0que\u00a0s\u00e3o\u00a0o\u00a0cart\u00e3o\u00a0,\u00a0seguro,\u00a0prote\u00e7\u00e3o; &#8211;\u00a0Auxiliar\u00a0na\u00a0impress\u00e3o\u00a0de\u00a0faturas\u00a0e\u00a0pagamentos,\u00a0dentre\u00a0outros. Requisitos: &#8211;\u00a0Ter\u00a018\u00a0anos\u00a0ou\u00a0mais &#8211;\u00a0Boa\u00a0comunica\u00e7\u00e3o\u00a0e\u00a0habilidade\u00a0para\u00a0atendimento\u00a0ao\u00a0p\u00fablico; &#8211;\u00a0Proatividade\u00a0e\u00a0disposi\u00e7\u00e3o\u00a0para\u00a0aprender. &#8211;\u00a0Documentos\u00a0pessoais\u00a0completos; Oferecemos: &#8211;\u00a0Sal\u00e1rio:\u00a0R2.106,00\u00a0por\u00a0m\u00eas &#8211;\u00a0Refei\u00e7\u00e3o\u00a0no\u00a0local &#8211;\u00a0Vale\u00a0Transporte &#8211;\u00a0Seguro\u00a0de\u00a0Vida Hor\u00e1rio\u00a0de\u00a0Trabalho: escala \u00a06x1com\u00a0intervalo\u00a0de\u00a01\u00a0hora\u00a0para\u00a0descanso\u00a0e\u00a0refei\u00e7\u00e3o. Vaga\u00a0Tempor\u00e1ria\u00a0com\u00a0Possibilidades\u00a0de\u00a0Prorroga\u00e7\u00e3o\u00a0e\/ou\u00a0Efetiva\u00e7\u00e3o! Local trabalho :Atacad\u00e3o \u2013 Vila Rica \u2013 Volta Redonda &#8211; endere\u00e7o: Av. 2, 10 &#8211; Jardim Vila Rica &#8211; Tiradentes, Volta Redonda &#8211; RJ, 27259-000 (REFER\u00caNCIA: ANTIGO MAKRO) Local de trabalho: Volta Redonda, RJ Regime [&hellip;]<\/p>\n","protected":false},"author":1,"featured_media":0,"comment_status":"open","ping_status":"open","sticky":false,"template":"","format":"standard","meta":{"footnotes":""},"categories":[21],"tags":[],"class_list":["post-1599","post","type-post","status-publish","format-standard","hentry","category-rio-de-janeiro-rj"],"_links":{"self":[{"href":"https:\/\/vagas.portalemprego.com.br\/index.php?rest_route=\/wp\/v2\/posts\/1599","targetHints":{"allow":["GET"]}}],"collection":[{"href":"https:\/\/vagas.portalemprego.com.br\/index.php?rest_route=\/wp\/v2\/posts"}],"about":[{"href":"https:\/\/vagas.portalemprego.com.br\/index.php?rest_route=\/wp\/v2\/types\/post"}],"author":[{"embeddable":true,"href":"https:\/\/vagas.portalemprego.com.br\/index.php?rest_route=\/wp\/v2\/users\/1"}],"replies":[{"embeddable":true,"href":"https:\/\/vagas.portalemprego.com.br\/index.php?rest_route=%2Fwp%2Fv2%2Fcomments&post=1599"}],"version-history":[{"count":0,"href":"https:\/\/vagas.portalemprego.com.br\/index.php?rest_route=\/wp\/v2\/posts\/1599\/revisions"}],"wp:attachment":[{"href":"https:\/\/vagas.portalemprego.com.br\/index.php?rest_route=%2Fwp%2Fv2%2Fmedia&parent=1599"}],"wp:term":[{"taxonomy":"category","embeddable":true,"href":"https:\/\/vagas.portalemprego.com.br\/index.php?rest_route=%2Fwp%2Fv2%2Fcategories&post=1599"},{"taxonomy":"post_tag","embeddable":true,"href":"https:\/\/vagas.portalemprego.com.br\/index.php?rest_route=%2Fwp%2Fv2%2Ftags&post=1599"}],"curies":[{"name":"wp","href":"https:\/\/api.w.org\/{rel}","templated":true}]}}