{"id":1600,"date":"2026-04-29T06:05:05","date_gmt":"2026-04-29T09:05:05","guid":{"rendered":"https:\/\/vagas.portalemprego.com.br\/?p=1600"},"modified":"2026-04-29T06:05:05","modified_gmt":"2026-04-29T09:05:05","slug":"jovem-aprendiz-ti-informatica-ti-telecomunicacoes-rio-de-janeiro","status":"publish","type":"post","link":"https:\/\/vagas.portalemprego.com.br\/?p=1600","title":{"rendered":"Jovem Aprendiz &#8211; TI &#8211; Inform\u00e1tica, TI, Telecomunica\u00e7\u00f5es &#8211; Rio de Janeiro"},"content":{"rendered":"<p>Vaga: Jovem Aprendiz \u2013 Tecnologia da Informa\u00e7\u00e3o (T.I.) &#8211; Barra Olimpica<\/p>\n<p>Apoiar o setor de Tecnologia da Informa\u00e7\u00e3o nas rotinas administrativas e no suporte t\u00e9cnico N\u00edvel 1 aos usu\u00e1rios internos, contribuindo para a organiza\u00e7\u00e3o dos processos, controle de ativos tecnol\u00f3gicos e atendimento \u00e0s demandas operacionais da empresa.<br \/>\n\u00a0Principais Atividades<br \/>\nRotinas Administrativas de T.I:<br \/>\nElabora\u00e7\u00e3o e atualiza\u00e7\u00e3o de planilhas de controle;<br \/>\nLan\u00e7amento, confer\u00eancia e controle de notas fiscais do setor;<br \/>\nApoio no invent\u00e1rio de ativos tecnol\u00f3gicos (hardware e software);<br \/>\nOrganiza\u00e7\u00e3o e atualiza\u00e7\u00e3o da documenta\u00e7\u00e3o institucional de T.I.;<br \/>\nApoio na organiza\u00e7\u00e3o de contratos, e prazos.<br \/>\nSuporte T\u00e9cnico N1 (Help Desk)<br \/>\nAtendimento presencial e remoto aos usu\u00e1rios internos;<br \/>\nSuporte b\u00e1sico a software (instala\u00e7\u00f5es, acompanhamentos e start de tickets);<br \/>\nSuporte a hardware (diagn\u00f3stico b\u00e1sico, corre\u00e7\u00f5es b\u00e1sicas e apoio em manuten\u00e7\u00e3o);<br \/>\nApoio na configura\u00e7\u00e3o e manuten\u00e7\u00e3o de notebooks e impressoras;<br \/>\nRegistro e acompanhamento de chamados t\u00e9cnicos;<br \/>\nAcompanhamento em SLAs e indicadores de qualidade de T.I.<\/p>\n<p>Requisitos:<br \/>\nEstar cursando o Inform\u00e1tica ou ter interessa na area<br \/>\nConhecimento b\u00e1sico em inform\u00e1tica;<br \/>\nBoa comunica\u00e7\u00e3o.<\/p>\n<p>Diferenciais:<br \/>\nConhecimento em Pacote Office;<br \/>\nNo\u00e7\u00f5es de manuten\u00e7\u00e3o de notebooks;<br \/>\nConhecimento b\u00e1sico de redes (endere\u00e7amento IP, conectividade, cabeamento);<\/p>\n<ul>\n<li>Local de trabalho: Rio de Janeiro, RJ<\/li>\n<li>Regime de contrata\u00e7\u00e3o de tipo: Jovem Aprendiz<\/li>\n<li>Jornada: Per\u00edodo Integral<\/li>\n<li>\u00c1rea e especializa\u00e7\u00e3o profissional: Inform\u00e1tica, TI, Telecomunica\u00e7\u00f5es &#8211; Inform\u00e1tica<\/li>\n<li>N\u00edvel hier\u00e1rquico: Operacional<\/li>\n<\/ul>\n<p>Escolaridade M\u00ednima: Ensino M\u00e9dio (2\u00ba Grau)<\/p>\n<p>Sal\u00e1rio: 1069,0<\/p>\n","protected":false},"excerpt":{"rendered":"<p>Vaga: Jovem Aprendiz \u2013 Tecnologia da Informa\u00e7\u00e3o (T.I.) &#8211; Barra Olimpica Apoiar o setor de Tecnologia da Informa\u00e7\u00e3o nas rotinas administrativas e no suporte t\u00e9cnico N\u00edvel 1 aos usu\u00e1rios internos, contribuindo para a organiza\u00e7\u00e3o dos processos, controle de ativos tecnol\u00f3gicos e atendimento \u00e0s demandas operacionais da empresa. \u00a0Principais Atividades Rotinas Administrativas de T.I: Elabora\u00e7\u00e3o e [&hellip;]<\/p>\n","protected":false},"author":1,"featured_media":0,"comment_status":"open","ping_status":"open","sticky":false,"template":"","format":"standard","meta":{"footnotes":""},"categories":[21],"tags":[],"class_list":["post-1600","post","type-post","status-publish","format-standard","hentry","category-rio-de-janeiro-rj"],"_links":{"self":[{"href":"https:\/\/vagas.portalemprego.com.br\/index.php?rest_route=\/wp\/v2\/posts\/1600","targetHints":{"allow":["GET"]}}],"collection":[{"href":"https:\/\/vagas.portalemprego.com.br\/index.php?rest_route=\/wp\/v2\/posts"}],"about":[{"href":"https:\/\/vagas.portalemprego.com.br\/index.php?rest_route=\/wp\/v2\/types\/post"}],"author":[{"embeddable":true,"href":"https:\/\/vagas.portalemprego.com.br\/index.php?rest_route=\/wp\/v2\/users\/1"}],"replies":[{"embeddable":true,"href":"https:\/\/vagas.portalemprego.com.br\/index.php?rest_route=%2Fwp%2Fv2%2Fcomments&post=1600"}],"version-history":[{"count":0,"href":"https:\/\/vagas.portalemprego.com.br\/index.php?rest_route=\/wp\/v2\/posts\/1600\/revisions"}],"wp:attachment":[{"href":"https:\/\/vagas.portalemprego.com.br\/index.php?rest_route=%2Fwp%2Fv2%2Fmedia&parent=1600"}],"wp:term":[{"taxonomy":"category","embeddable":true,"href":"https:\/\/vagas.portalemprego.com.br\/index.php?rest_route=%2Fwp%2Fv2%2Fcategories&post=1600"},{"taxonomy":"post_tag","embeddable":true,"href":"https:\/\/vagas.portalemprego.com.br\/index.php?rest_route=%2Fwp%2Fv2%2Ftags&post=1600"}],"curies":[{"name":"wp","href":"https:\/\/api.w.org\/{rel}","templated":true}]}}