{"id":1604,"date":"2026-04-29T06:05:05","date_gmt":"2026-04-29T09:05:05","guid":{"rendered":"https:\/\/vagas.portalemprego.com.br\/?p=1604"},"modified":"2026-04-29T06:05:05","modified_gmt":"2026-04-29T09:05:05","slug":"auxiliar-de-montagem-e-logistica-industrial-construcao-manutencao-rio-de-janeiro","status":"publish","type":"post","link":"https:\/\/vagas.portalemprego.com.br\/?p=1604","title":{"rendered":"Auxiliar de montagem e logistica industrial &#8211; Constru\u00e7\u00e3o, Manuten\u00e7\u00e3o &#8211; Rio de Janeiro"},"content":{"rendered":"<p>?? OPORTUNIDADE DE EMPREGO \u2013 AUXILIAR DE MONTAGEM E LOGISTICA INDUSTRIAL<br \/>\nQuer entrar no mercado de trabalho ou buscar uma nova oportunidade? Essa vaga \u00e9 pra voc\u00ea! ??<br \/>\n?? Sal\u00e1rio: R$ 2.000<br \/>\n?? Benef\u00edcios:<br \/>\n?? Alimenta\u00e7\u00e3o no local sem desconto<br \/>\n ?? Vale Transporte (VT)<br \/>\n ?? Conv\u00eanio SESC<br \/>\n?? Atividades:<br \/>\n? Auxiliar na montagem de m\u00e1quinas, equipamentos e ve\u00edculos leves<br \/>\n ? Preparar pe\u00e7as e ferramentas<br \/>\n ? Apoiar na carga e descarga<br \/>\n ? Organizar materiais e estoque<br \/>\n ? Manter o ambiente limpo e seguro<br \/>\n ? Participar de treinamentos internos<br \/>\n?? Requisitos:<br \/>\n? Ensino m\u00e9dio completo<br \/>\n ? N\u00e3o \u00e9 necess\u00e1rio experi\u00eancia<br \/>\n ? Aten\u00e7\u00e3o, organiza\u00e7\u00e3o e coordena\u00e7\u00e3o manual<br \/>\n ? Vontade de aprender e crescer<br \/>\n?? \u00d3tima oportunidade para quem deseja iniciar na \u00e1rea e se desenvolver profissionalmente!<\/p>\n<ul>\n<li>N\u00famero de vagas: 6<\/li>\n<li>Local de trabalho: Rio de Janeiro, RJ<\/li>\n<li>Regime de contrata\u00e7\u00e3o de tipo: Efetivo \u2013 CLT<\/li>\n<li>Jornada: Per\u00edodo Integral<\/li>\n<li>\u00c1rea e especializa\u00e7\u00e3o profissional: Constru\u00e7\u00e3o, Manuten\u00e7\u00e3o &#8211; Preparador de M\u00e1quinas e Equipamentos<\/li>\n<li>N\u00edvel hier\u00e1rquico: Auxiliar<\/li>\n<\/ul>\n<p>VALORIZADO<\/p>\n<p>Tempo de experi\u00eancia: Sem experi\u00eancia<\/p>\n<p>Escolaridade M\u00ednima: Ensino M\u00e9dio (2\u00ba Grau)<\/p>\n<p>Sal\u00e1rio: 2000,01<\/p>\n","protected":false},"excerpt":{"rendered":"<p>?? OPORTUNIDADE DE EMPREGO \u2013 AUXILIAR DE MONTAGEM E LOGISTICA INDUSTRIAL Quer entrar no mercado de trabalho ou buscar uma nova oportunidade? Essa vaga \u00e9 pra voc\u00ea! ?? ?? Sal\u00e1rio: R$ 2.000 ?? Benef\u00edcios: ?? Alimenta\u00e7\u00e3o no local sem desconto ?? Vale Transporte (VT) ?? Conv\u00eanio SESC ?? Atividades: ? Auxiliar na montagem de m\u00e1quinas, [&hellip;]<\/p>\n","protected":false},"author":1,"featured_media":0,"comment_status":"open","ping_status":"open","sticky":false,"template":"","format":"standard","meta":{"footnotes":""},"categories":[21],"tags":[],"class_list":["post-1604","post","type-post","status-publish","format-standard","hentry","category-rio-de-janeiro-rj"],"_links":{"self":[{"href":"https:\/\/vagas.portalemprego.com.br\/index.php?rest_route=\/wp\/v2\/posts\/1604","targetHints":{"allow":["GET"]}}],"collection":[{"href":"https:\/\/vagas.portalemprego.com.br\/index.php?rest_route=\/wp\/v2\/posts"}],"about":[{"href":"https:\/\/vagas.portalemprego.com.br\/index.php?rest_route=\/wp\/v2\/types\/post"}],"author":[{"embeddable":true,"href":"https:\/\/vagas.portalemprego.com.br\/index.php?rest_route=\/wp\/v2\/users\/1"}],"replies":[{"embeddable":true,"href":"https:\/\/vagas.portalemprego.com.br\/index.php?rest_route=%2Fwp%2Fv2%2Fcomments&post=1604"}],"version-history":[{"count":0,"href":"https:\/\/vagas.portalemprego.com.br\/index.php?rest_route=\/wp\/v2\/posts\/1604\/revisions"}],"wp:attachment":[{"href":"https:\/\/vagas.portalemprego.com.br\/index.php?rest_route=%2Fwp%2Fv2%2Fmedia&parent=1604"}],"wp:term":[{"taxonomy":"category","embeddable":true,"href":"https:\/\/vagas.portalemprego.com.br\/index.php?rest_route=%2Fwp%2Fv2%2Fcategories&post=1604"},{"taxonomy":"post_tag","embeddable":true,"href":"https:\/\/vagas.portalemprego.com.br\/index.php?rest_route=%2Fwp%2Fv2%2Ftags&post=1604"}],"curies":[{"name":"wp","href":"https:\/\/api.w.org\/{rel}","templated":true}]}}