{"id":1605,"date":"2026-04-29T06:05:05","date_gmt":"2026-04-29T09:05:05","guid":{"rendered":"https:\/\/vagas.portalemprego.com.br\/?p=1605"},"modified":"2026-04-29T06:05:05","modified_gmt":"2026-04-29T09:05:05","slug":"analista-de-atencao-domiciliar-i-temporario-saude-rio-de-janeiro","status":"publish","type":"post","link":"https:\/\/vagas.portalemprego.com.br\/?p=1605","title":{"rendered":"Analista de Aten\u00e7\u00e3o Domiciliar I  (tempor\u00e1rio) &#8211; Sa\u00fade &#8211; Rio de Janeiro"},"content":{"rendered":"<p>Entregar as prorroga\u00e7\u00f5es dentro do prazo;<br \/>\nAdministrar os materiais que est\u00e3o nas casas dos pacientes, para n\u00e3o haja falta e mitigando desperd\u00edcios atrav\u00e9s da valida\u00e7\u00e3o de check list de controle;<br \/>\nRealizar e criticar an\u00e1lise financeira de or\u00e7amento de implanta\u00e7\u00e3o;<br \/>\nGarantir que as implanta\u00e7\u00f5es ocorram dentro do prazo de 24 horas;<br \/>\nContatar familiares dos pacientes e equipe multifuncional diariamente;<br \/>\nEstreitar relacionamento com a fam\u00edlia do paciente e com os clientes;<br \/>\nAssegurar tratamento \u00e1gil das ocorr\u00eancias;<br \/>\nFazer reuni\u00f5es com paciente e fam\u00edlia para solu\u00e7\u00e3o de poss\u00edveis conflitos;<br \/>\nApoiar a gest\u00e3o de escalas de enfermagem nas resid\u00eancias;<br \/>\nSolicitar quinzenalmente materiais m\u00e9dicos para a Farm\u00e1cia;<br \/>\nParticipar de reuni\u00f5es multidisciplinares;<br \/>\nAcompanhar e verificar o cumprimento do PAD (Plano de Atendimento Domiciliar);<br \/>\nSolicitar a prorroga\u00e7\u00e3o de atendimento \u00e0s Operadoras de Sa\u00fade;<br \/>\nSempre que necess\u00e1rio apoiar processos da \u00e1rea de Capta\u00e7\u00e3o Nacional;<br \/>\nRealizar e analisar or\u00e7amentos;<br \/>\nElaborar relat\u00f3rios t\u00e9cnicos para aditivos;<br \/>\nRealizar o monitoramento de pacientes, via telefone;<br \/>\nDar suporte para equipe visitadora;<\/p>\n<ul>\n<li>Local de trabalho: Rio de Janeiro, RJ<\/li>\n<li>Regime de contrata\u00e7\u00e3o de tipo: Efetivo \u2013 CLT<\/li>\n<li>Jornada: Per\u00edodo Integral<\/li>\n<li>\u00c1rea e especializa\u00e7\u00e3o profissional: Sa\u00fade &#8211; Enfermagem<\/li>\n<li>N\u00edvel hier\u00e1rquico: Analista<\/li>\n<\/ul>\n<p>VALORIZADO<\/p>\n<p>Tempo de experi\u00eancia: Entre 1 e 3 anos<\/p>\n<p>Escolaridade M\u00ednima: Ensino Superior<\/p>\n<ul>\n<li>Vale-alimenta\u00e7\u00e3o<\/li>\n<li>Vale-transporte<\/li>\n<li>Seguro de Vida<\/li>\n<li>Assist\u00eancia m\u00e9dica<\/li>\n<li>Assist\u00eancia odontol\u00f3gica<\/li>\n<li>TotalPass<\/li>\n<li>Aux\u00edlio farm\u00e1cia<\/li>\n<li>Parcerias com faculdades<\/li>\n<li>Vale-refei\u00e7\u00e3o<\/li>\n<\/ul>\n","protected":false},"excerpt":{"rendered":"<p>Entregar as prorroga\u00e7\u00f5es dentro do prazo; Administrar os materiais que est\u00e3o nas casas dos pacientes, para n\u00e3o haja falta e mitigando desperd\u00edcios atrav\u00e9s da valida\u00e7\u00e3o de check list de controle; Realizar e criticar an\u00e1lise financeira de or\u00e7amento de implanta\u00e7\u00e3o; Garantir que as implanta\u00e7\u00f5es ocorram dentro do prazo de 24 horas; Contatar familiares dos pacientes e [&hellip;]<\/p>\n","protected":false},"author":1,"featured_media":0,"comment_status":"open","ping_status":"open","sticky":false,"template":"","format":"standard","meta":{"footnotes":""},"categories":[21],"tags":[],"class_list":["post-1605","post","type-post","status-publish","format-standard","hentry","category-rio-de-janeiro-rj"],"_links":{"self":[{"href":"https:\/\/vagas.portalemprego.com.br\/index.php?rest_route=\/wp\/v2\/posts\/1605","targetHints":{"allow":["GET"]}}],"collection":[{"href":"https:\/\/vagas.portalemprego.com.br\/index.php?rest_route=\/wp\/v2\/posts"}],"about":[{"href":"https:\/\/vagas.portalemprego.com.br\/index.php?rest_route=\/wp\/v2\/types\/post"}],"author":[{"embeddable":true,"href":"https:\/\/vagas.portalemprego.com.br\/index.php?rest_route=\/wp\/v2\/users\/1"}],"replies":[{"embeddable":true,"href":"https:\/\/vagas.portalemprego.com.br\/index.php?rest_route=%2Fwp%2Fv2%2Fcomments&post=1605"}],"version-history":[{"count":0,"href":"https:\/\/vagas.portalemprego.com.br\/index.php?rest_route=\/wp\/v2\/posts\/1605\/revisions"}],"wp:attachment":[{"href":"https:\/\/vagas.portalemprego.com.br\/index.php?rest_route=%2Fwp%2Fv2%2Fmedia&parent=1605"}],"wp:term":[{"taxonomy":"category","embeddable":true,"href":"https:\/\/vagas.portalemprego.com.br\/index.php?rest_route=%2Fwp%2Fv2%2Fcategories&post=1605"},{"taxonomy":"post_tag","embeddable":true,"href":"https:\/\/vagas.portalemprego.com.br\/index.php?rest_route=%2Fwp%2Fv2%2Ftags&post=1605"}],"curies":[{"name":"wp","href":"https:\/\/api.w.org\/{rel}","templated":true}]}}