{"id":1607,"date":"2026-04-29T06:05:05","date_gmt":"2026-04-29T09:05:05","guid":{"rendered":"https:\/\/vagas.portalemprego.com.br\/?p=1607"},"modified":"2026-04-29T06:05:05","modified_gmt":"2026-04-29T09:05:05","slug":"vaga-promotor-de-vendas-zona-norte-rj-comercial-vendas-rio-de-janeiro","status":"publish","type":"post","link":"https:\/\/vagas.portalemprego.com.br\/?p=1607","title":{"rendered":"VAGA: Promotor de Vendas &#8211; Zona Norte &#8211; RJ &#8211; Comercial, Vendas &#8211; Rio de Janeiro"},"content":{"rendered":"<p>Promotor de Vendas<\/p>\n<p>?? Local: Zona Norte<br \/>\n?? Regime de contrata\u00e7\u00e3o: CLT<br \/>\n?? Jornada: Segunda a S\u00e1bado<\/p>\n<p>Descri\u00e7\u00e3o da Vaga:<\/p>\n<p>Atuar na promo\u00e7\u00e3o, reposi\u00e7\u00e3o e organiza\u00e7\u00e3o de produtos em rede de grande porte, garantindo abastecimento adequado, correta exposi\u00e7\u00e3o e cumprimento das estrat\u00e9gias comerciais da empresa.<\/p>\n<p>Principais Atividades:<br \/>\n\u2022 Reposi\u00e7\u00e3o de mercadorias nas g\u00f4ndolas e pontos extras<br \/>\n\u2022 Organiza\u00e7\u00e3o e padroniza\u00e7\u00e3o de layout conforme planograma<br \/>\n\u2022 Verifica\u00e7\u00e3o de validade (FIFO)<br \/>\n\u2022 Controle de estoque e identifica\u00e7\u00e3o de rupturas<br \/>\n\u2022 Precifica\u00e7\u00e3o correta dos produtos<br \/>\n\u2022 Apoio em a\u00e7\u00f5es promocionais<br \/>\n\u2022 Atendimento ao cliente quando necess\u00e1rio<\/p>\n<p>Requisitos:<br \/>\n\u2022 Ensino M\u00e9dio completo<br \/>\n\u2022 Experi\u00eancia anterior como Promotor de Vendas, Repositor ou \u00e1reas correlatas<br \/>\n\u2022 Boa comunica\u00e7\u00e3o e postura profissional<br \/>\n\u2022 Organiza\u00e7\u00e3o e agilidade<br \/>\n\u2022 Comprometimento com metas e resultados<\/p>\n<p>Benef\u00edcios:<br \/>\n\u2022 Sal\u00e1rio compat\u00edvel com o mercado<br \/>\n\u2022 Vale Transporte<br \/>\n\u2022 Vale Refei\u00e7\u00e3o<br \/>\n\u2022 Celular corporativo da empresa<br \/>\n\u2022 Parceria com Sesc<\/p>\n<ul>\n<li>Local de trabalho: Rio de Janeiro, RJ<\/li>\n<li>Regime de contrata\u00e7\u00e3o de tipo: Efetivo \u2013 CLT<\/li>\n<li>Jornada: Per\u00edodo Integral<\/li>\n<li>\u00c1rea e especializa\u00e7\u00e3o profissional: Comercial, Vendas &#8211; Demonstrador \/ Promotor<\/li>\n<li>N\u00edvel hier\u00e1rquico: Operacional<\/li>\n<\/ul>\n<p>VALORIZADO<\/p>\n<p>Tempo de experi\u00eancia: Entre 1 e 3 anos<\/p>\n<p>Escolaridade M\u00ednima: Ensino M\u00e9dio (2\u00ba Grau)<\/p>\n<p>Sal\u00e1rio: 1877,0<\/p>\n","protected":false},"excerpt":{"rendered":"<p>Promotor de Vendas ?? Local: Zona Norte ?? Regime de contrata\u00e7\u00e3o: CLT ?? Jornada: Segunda a S\u00e1bado Descri\u00e7\u00e3o da Vaga: Atuar na promo\u00e7\u00e3o, reposi\u00e7\u00e3o e organiza\u00e7\u00e3o de produtos em rede de grande porte, garantindo abastecimento adequado, correta exposi\u00e7\u00e3o e cumprimento das estrat\u00e9gias comerciais da empresa. Principais Atividades: \u2022 Reposi\u00e7\u00e3o de mercadorias nas g\u00f4ndolas e pontos [&hellip;]<\/p>\n","protected":false},"author":1,"featured_media":0,"comment_status":"open","ping_status":"open","sticky":false,"template":"","format":"standard","meta":{"footnotes":""},"categories":[21],"tags":[],"class_list":["post-1607","post","type-post","status-publish","format-standard","hentry","category-rio-de-janeiro-rj"],"_links":{"self":[{"href":"https:\/\/vagas.portalemprego.com.br\/index.php?rest_route=\/wp\/v2\/posts\/1607","targetHints":{"allow":["GET"]}}],"collection":[{"href":"https:\/\/vagas.portalemprego.com.br\/index.php?rest_route=\/wp\/v2\/posts"}],"about":[{"href":"https:\/\/vagas.portalemprego.com.br\/index.php?rest_route=\/wp\/v2\/types\/post"}],"author":[{"embeddable":true,"href":"https:\/\/vagas.portalemprego.com.br\/index.php?rest_route=\/wp\/v2\/users\/1"}],"replies":[{"embeddable":true,"href":"https:\/\/vagas.portalemprego.com.br\/index.php?rest_route=%2Fwp%2Fv2%2Fcomments&post=1607"}],"version-history":[{"count":0,"href":"https:\/\/vagas.portalemprego.com.br\/index.php?rest_route=\/wp\/v2\/posts\/1607\/revisions"}],"wp:attachment":[{"href":"https:\/\/vagas.portalemprego.com.br\/index.php?rest_route=%2Fwp%2Fv2%2Fmedia&parent=1607"}],"wp:term":[{"taxonomy":"category","embeddable":true,"href":"https:\/\/vagas.portalemprego.com.br\/index.php?rest_route=%2Fwp%2Fv2%2Fcategories&post=1607"},{"taxonomy":"post_tag","embeddable":true,"href":"https:\/\/vagas.portalemprego.com.br\/index.php?rest_route=%2Fwp%2Fv2%2Ftags&post=1607"}],"curies":[{"name":"wp","href":"https:\/\/api.w.org\/{rel}","templated":true}]}}