{"id":1608,"date":"2026-04-29T06:05:05","date_gmt":"2026-04-29T09:05:05","guid":{"rendered":"https:\/\/vagas.portalemprego.com.br\/?p=1608"},"modified":"2026-04-29T06:05:05","modified_gmt":"2026-04-29T09:05:05","slug":"supervisor-de-visual-merchandising-moda-sao-goncalo","status":"publish","type":"post","link":"https:\/\/vagas.portalemprego.com.br\/?p=1608","title":{"rendered":"SUPERVISOR DE VISUAL MERCHANDISING &#8211; Moda &#8211; S\u00e3o Gon\u00e7alo"},"content":{"rendered":"<p>Respons\u00e1vel pela supervis\u00e3o e padroniza\u00e7\u00e3o visual das lojas, assegurando a excel\u00eancia na exposi\u00e7\u00e3o de mercadorias e a coes\u00e3o est\u00e9tica da rede, com o objetivo de fortalecer a estrat\u00e9gia comercial e a experi\u00eancia do cliente.<br \/>\nAssegurar a supervis\u00e3o da identidade visual em unidades com arquiteturas diversas, garantindo a padroniza\u00e7\u00e3o da rede. Atuar na convers\u00e3o do branding e das tend\u00eancias em estrat\u00e9gias de exposi\u00e7\u00e3o de alta performance, equilibrando o valor est\u00e9tico \u00e0 efici\u00eancia comercial.<br \/>\nGarantir a integridade da identidade visual da rede atrav\u00e9s da aplica\u00e7\u00e3o rigorosa dos manuais de VM.<br \/>\nMonitorar e analisar os indicadores de performance (KPIs) do cluster de lojas sob sua responsabilidade, garantindo o alinhamento com as metas comerciais.<br \/>\nVisita semanal as respectivas lojas de seu grupo;<br \/>\nMonitorar o posicionamento de mercado dos concorrentes, visando otimizar a competitividade do ponto de venda.<br \/>\nCoordenar projetos de revitaliza\u00e7\u00e3o (retrofits) e o planejamento de implanta\u00e7\u00e3o de Visual Merchandising em inaugura\u00e7\u00f5es e reformas.<br \/>\nSupervisionar a implementa\u00e7\u00e3o de projetos de ambienta\u00e7\u00e3o, assegurando a qualidade t\u00e9cnica e est\u00e9tica das instala\u00e7\u00f5es.<br \/>\nPromover o desenvolvimento t\u00e9cnico das equipes de Visual Merchandising (VMs).<br \/>\nForma\u00e7\u00e3o: Ensino M\u00e9dio Completo (desej\u00e1vel curso superior em andamento).<br \/>\nExperi\u00eancia profissional: 1 ano na \u00e1rea comercial \/ Visual Merchandising<\/p>\n<ul>\n<li>Local de trabalho: S\u00e3o Gon\u00e7alo, RJ<\/li>\n<li>Regime de contrata\u00e7\u00e3o de tipo: Efetivo \u2013 CLT<\/li>\n<li>Jornada: Per\u00edodo Integral<\/li>\n<li>\u00c1rea e especializa\u00e7\u00e3o profissional: Moda &#8211; Vitrinismo<\/li>\n<li>N\u00edvel hier\u00e1rquico: Supervisor<\/li>\n<\/ul>\n<p>VALORIZADO<\/p>\n<p>Tempo de experi\u00eancia: Entre 3 e 5 anos<\/p>\n<p>HABILIDADES<\/p>\n<ul>\n<li>Habilidades e Atitudes:  Lideran\u00e7a Comunica\u00e7\u00e3o clara e assertiva Bom relacionamento interpessoal Trabalho em equipe Foco no cliente e em resultados Proatividade Organiza\u00e7\u00e3o Flexibilidade<\/li>\n<li>Conhecimentos T\u00e9cnicos:  Conhecimento b\u00e1sico do pacote Office (Word, Excel e PowerPoint)<\/li>\n<li>Conhecimento Espec\u00edfico:  Viv\u00eancia em Visual Merchandising Experi\u00eancia no segmento de varejo<\/li>\n<\/ul>\n<p>Escolaridade M\u00ednima: Ensino Superior<\/p>\n","protected":false},"excerpt":{"rendered":"<p>Respons\u00e1vel pela supervis\u00e3o e padroniza\u00e7\u00e3o visual das lojas, assegurando a excel\u00eancia na exposi\u00e7\u00e3o de mercadorias e a coes\u00e3o est\u00e9tica da rede, com o objetivo de fortalecer a estrat\u00e9gia comercial e a experi\u00eancia do cliente. Assegurar a supervis\u00e3o da identidade visual em unidades com arquiteturas diversas, garantindo a padroniza\u00e7\u00e3o da rede. Atuar na convers\u00e3o do branding [&hellip;]<\/p>\n","protected":false},"author":1,"featured_media":0,"comment_status":"open","ping_status":"open","sticky":false,"template":"","format":"standard","meta":{"footnotes":""},"categories":[21],"tags":[],"class_list":["post-1608","post","type-post","status-publish","format-standard","hentry","category-rio-de-janeiro-rj"],"_links":{"self":[{"href":"https:\/\/vagas.portalemprego.com.br\/index.php?rest_route=\/wp\/v2\/posts\/1608","targetHints":{"allow":["GET"]}}],"collection":[{"href":"https:\/\/vagas.portalemprego.com.br\/index.php?rest_route=\/wp\/v2\/posts"}],"about":[{"href":"https:\/\/vagas.portalemprego.com.br\/index.php?rest_route=\/wp\/v2\/types\/post"}],"author":[{"embeddable":true,"href":"https:\/\/vagas.portalemprego.com.br\/index.php?rest_route=\/wp\/v2\/users\/1"}],"replies":[{"embeddable":true,"href":"https:\/\/vagas.portalemprego.com.br\/index.php?rest_route=%2Fwp%2Fv2%2Fcomments&post=1608"}],"version-history":[{"count":0,"href":"https:\/\/vagas.portalemprego.com.br\/index.php?rest_route=\/wp\/v2\/posts\/1608\/revisions"}],"wp:attachment":[{"href":"https:\/\/vagas.portalemprego.com.br\/index.php?rest_route=%2Fwp%2Fv2%2Fmedia&parent=1608"}],"wp:term":[{"taxonomy":"category","embeddable":true,"href":"https:\/\/vagas.portalemprego.com.br\/index.php?rest_route=%2Fwp%2Fv2%2Fcategories&post=1608"},{"taxonomy":"post_tag","embeddable":true,"href":"https:\/\/vagas.portalemprego.com.br\/index.php?rest_route=%2Fwp%2Fv2%2Ftags&post=1608"}],"curies":[{"name":"wp","href":"https:\/\/api.w.org\/{rel}","templated":true}]}}