{"id":1612,"date":"2026-04-29T06:05:05","date_gmt":"2026-04-29T09:05:05","guid":{"rendered":"https:\/\/vagas.portalemprego.com.br\/?p=1612"},"modified":"2026-04-29T06:05:05","modified_gmt":"2026-04-29T09:05:05","slug":"vendedora-de-loja-comercial-vendas-niteroi-2","status":"publish","type":"post","link":"https:\/\/vagas.portalemprego.com.br\/?p=1612","title":{"rendered":"Vendedora de Loja &#8211; Comercial, Vendas &#8211; Niter\u00f3i"},"content":{"rendered":"<p>?? VAGA \u2013 VENDEDORA<br \/>\n?? Local: Icara\u00ed<br \/>\nLoja do segmento de cal\u00e7ados e acess\u00f3rios busca vendedora com perfil comercial, boa comunica\u00e7\u00e3o e foco em resultados.<br \/>\n?? Remunera\u00e7\u00e3o:<br \/>\n Sal\u00e1rio fixo de R$ 1.750 + comiss\u00e3o<br \/>\n M\u00e9dia de ganhos: R$ 3.000<br \/>\n?? Benef\u00edcios:<br \/>\n \u2022 Vale transporte<br \/>\n \u2022 Plano de carreira<br \/>\n \u2022 Desconto em produtos<br \/>\n? Hor\u00e1rio:<br \/>\n \u2022 Segunda a sexta: 08:30 \u00e0s 17:00<br \/>\n \u2022 S\u00e1bado: 08:30 \u00e0s 16:00<br \/>\n? Requisitos:<br \/>\n \u2022 Experi\u00eancia com vendas<br \/>\n \u2022 Boa comunica\u00e7\u00e3o<br \/>\n \u2022 Facilidade para trabalhar em equipe<br \/>\n \u2022 No\u00e7\u00f5es b\u00e1sicas de inform\u00e1tica<br \/>\n \u2022 Disponibilidade de hor\u00e1rio<br \/>\n \u2022 F\u00e1cil acesso \u00e0 regi\u00e3o<br \/>\n?? Atividades:<br \/>\n \u2022 Organiza\u00e7\u00e3o da loja e das sess\u00f5es<br \/>\n \u2022 Abordagem ativa de clientes, convidando para conhecer os produtos<br \/>\n \u2022 Atendimento ao cliente e suporte na decis\u00e3o de compra<br \/>\n \u2022 Opera\u00e7\u00e3o de caixa (registro de vendas e recebimentos)<br \/>\n \u2022 Reposi\u00e7\u00e3o e exposi\u00e7\u00e3o de mercadorias<br \/>\n \u2022 Atua\u00e7\u00e3o com vendas online e relacionamento nas redes sociais<br \/>\n \u2022 Fideliza\u00e7\u00e3o de clientes, incluindo contato ativo (telemarketing)<\/p>\n<ul>\n<li>Local de trabalho: Niter\u00f3i, RJ<\/li>\n<li>Regime de contrata\u00e7\u00e3o de tipo: Efetivo \u2013 CLT<\/li>\n<li>Jornada: Per\u00edodo Integral<\/li>\n<li>\u00c1rea e especializa\u00e7\u00e3o profissional: Comercial, Vendas &#8211; Lojas \/ Shopping<\/li>\n<li>N\u00edvel hier\u00e1rquico: Operacional<\/li>\n<\/ul>\n<p>Escolaridade M\u00ednima: Ensino M\u00e9dio (2\u00ba Grau)<\/p>\n<p>Sal\u00e1rio: 3000,0<\/p>\n","protected":false},"excerpt":{"rendered":"<p>?? VAGA \u2013 VENDEDORA ?? Local: Icara\u00ed Loja do segmento de cal\u00e7ados e acess\u00f3rios busca vendedora com perfil comercial, boa comunica\u00e7\u00e3o e foco em resultados. ?? Remunera\u00e7\u00e3o: Sal\u00e1rio fixo de R$ 1.750 + comiss\u00e3o M\u00e9dia de ganhos: R$ 3.000 ?? Benef\u00edcios: \u2022 Vale transporte \u2022 Plano de carreira \u2022 Desconto em produtos ? Hor\u00e1rio: \u2022 [&hellip;]<\/p>\n","protected":false},"author":1,"featured_media":0,"comment_status":"open","ping_status":"open","sticky":false,"template":"","format":"standard","meta":{"footnotes":""},"categories":[21],"tags":[],"class_list":["post-1612","post","type-post","status-publish","format-standard","hentry","category-rio-de-janeiro-rj"],"_links":{"self":[{"href":"https:\/\/vagas.portalemprego.com.br\/index.php?rest_route=\/wp\/v2\/posts\/1612","targetHints":{"allow":["GET"]}}],"collection":[{"href":"https:\/\/vagas.portalemprego.com.br\/index.php?rest_route=\/wp\/v2\/posts"}],"about":[{"href":"https:\/\/vagas.portalemprego.com.br\/index.php?rest_route=\/wp\/v2\/types\/post"}],"author":[{"embeddable":true,"href":"https:\/\/vagas.portalemprego.com.br\/index.php?rest_route=\/wp\/v2\/users\/1"}],"replies":[{"embeddable":true,"href":"https:\/\/vagas.portalemprego.com.br\/index.php?rest_route=%2Fwp%2Fv2%2Fcomments&post=1612"}],"version-history":[{"count":0,"href":"https:\/\/vagas.portalemprego.com.br\/index.php?rest_route=\/wp\/v2\/posts\/1612\/revisions"}],"wp:attachment":[{"href":"https:\/\/vagas.portalemprego.com.br\/index.php?rest_route=%2Fwp%2Fv2%2Fmedia&parent=1612"}],"wp:term":[{"taxonomy":"category","embeddable":true,"href":"https:\/\/vagas.portalemprego.com.br\/index.php?rest_route=%2Fwp%2Fv2%2Fcategories&post=1612"},{"taxonomy":"post_tag","embeddable":true,"href":"https:\/\/vagas.portalemprego.com.br\/index.php?rest_route=%2Fwp%2Fv2%2Ftags&post=1612"}],"curies":[{"name":"wp","href":"https:\/\/api.w.org\/{rel}","templated":true}]}}