{"id":1613,"date":"2026-04-29T06:05:05","date_gmt":"2026-04-29T09:05:05","guid":{"rendered":"https:\/\/vagas.portalemprego.com.br\/?p=1613"},"modified":"2026-04-29T06:05:05","modified_gmt":"2026-04-29T09:05:05","slug":"auxiliar-de-servicos-gerais-servicos-gerais-rio-de-janeiro-19","status":"publish","type":"post","link":"https:\/\/vagas.portalemprego.com.br\/?p=1613","title":{"rendered":"Auxiliar de Servi\u00e7os Gerais &#8211; Servi\u00e7os Gerais &#8211; Rio de Janeiro"},"content":{"rendered":"<p>O Grupo Morhena busca um Auxiliar de Servi\u00e7os Gerais para atuar em uma de nossas unidades(academias). A posi\u00e7\u00e3o oferece uma oportunidade de contribuir com um ambiente de trabalho din\u00e2mico e colaborativo.<br \/>\nvaga apenas para candidatos masculinos.<br \/>\nsegunda a sexta de 6h \u00e0s 14:20\/ s\u00e1bado ou domingo de 7h \u00e0s 13h<br \/>\nLocal de trabalho: Rua Senador Vergueiro 35 &#8211; Flamengo<br \/>\nFun\u00e7\u00f5es:<br \/>\nRealizar limpeza e organiza\u00e7\u00e3o do espa\u00e7o de trabalho<br \/>\nAuxiliar na manuten\u00e7\u00e3o de equipamentos e utens\u00edlios<br \/>\nAcompanhar a conserva\u00e7\u00e3o dos ambientes comuns<br \/>\nColaborar com outras equipes em tarefas de apoio<\/p>\n<p>Requisitos:<br \/>\nExperi\u00eancia em servi\u00e7os gerais<br \/>\nConhecimentos b\u00e1sicos de limpeza e organiza\u00e7\u00e3o<br \/>\nCapacidade de trabalhar em equipe<br \/>\nAtitude proativa e aten\u00e7\u00e3o aos detalhes<\/p>\n<p>Benef\u00edcios:<br \/>\nSal\u00e1rio R$1730.00<br \/>\nVale alimenta\u00e7\u00e3o R$650,00<br \/>\nVale transporte<\/p>\n<ul>\n<li>Local de trabalho: Rio de Janeiro, RJ<\/li>\n<li>Regime de contrata\u00e7\u00e3o de tipo: Efetivo \u2013 CLT<\/li>\n<li>Jornada: Parcial tardes<\/li>\n<li>\u00c1rea e especializa\u00e7\u00e3o profissional: Servi\u00e7os Gerais &#8211; Limpeza<\/li>\n<li>N\u00edvel hier\u00e1rquico: Auxiliar<\/li>\n<\/ul>\n<p>VALORIZADO<\/p>\n<p>Tempo de experi\u00eancia: Sem experi\u00eancia<\/p>\n<p>HABILIDADES<\/p>\n<ul>\n<li>Proatividade<\/li>\n<li>Pontualidade<\/li>\n<li>Responsabilidade<\/li>\n<li>Respeitoso<\/li>\n<li>Cordialidade<\/li>\n<\/ul>\n<p>Escolaridade M\u00ednima: Ensino M\u00e9dio (2\u00ba Grau)<\/p>\n<p>Sal\u00e1rio: 1730,0<\/p>\n","protected":false},"excerpt":{"rendered":"<p>O Grupo Morhena busca um Auxiliar de Servi\u00e7os Gerais para atuar em uma de nossas unidades(academias). A posi\u00e7\u00e3o oferece uma oportunidade de contribuir com um ambiente de trabalho din\u00e2mico e colaborativo. vaga apenas para candidatos masculinos. segunda a sexta de 6h \u00e0s 14:20\/ s\u00e1bado ou domingo de 7h \u00e0s 13h Local de trabalho: Rua Senador [&hellip;]<\/p>\n","protected":false},"author":1,"featured_media":0,"comment_status":"open","ping_status":"open","sticky":false,"template":"","format":"standard","meta":{"footnotes":""},"categories":[21],"tags":[],"class_list":["post-1613","post","type-post","status-publish","format-standard","hentry","category-rio-de-janeiro-rj"],"_links":{"self":[{"href":"https:\/\/vagas.portalemprego.com.br\/index.php?rest_route=\/wp\/v2\/posts\/1613","targetHints":{"allow":["GET"]}}],"collection":[{"href":"https:\/\/vagas.portalemprego.com.br\/index.php?rest_route=\/wp\/v2\/posts"}],"about":[{"href":"https:\/\/vagas.portalemprego.com.br\/index.php?rest_route=\/wp\/v2\/types\/post"}],"author":[{"embeddable":true,"href":"https:\/\/vagas.portalemprego.com.br\/index.php?rest_route=\/wp\/v2\/users\/1"}],"replies":[{"embeddable":true,"href":"https:\/\/vagas.portalemprego.com.br\/index.php?rest_route=%2Fwp%2Fv2%2Fcomments&post=1613"}],"version-history":[{"count":0,"href":"https:\/\/vagas.portalemprego.com.br\/index.php?rest_route=\/wp\/v2\/posts\/1613\/revisions"}],"wp:attachment":[{"href":"https:\/\/vagas.portalemprego.com.br\/index.php?rest_route=%2Fwp%2Fv2%2Fmedia&parent=1613"}],"wp:term":[{"taxonomy":"category","embeddable":true,"href":"https:\/\/vagas.portalemprego.com.br\/index.php?rest_route=%2Fwp%2Fv2%2Fcategories&post=1613"},{"taxonomy":"post_tag","embeddable":true,"href":"https:\/\/vagas.portalemprego.com.br\/index.php?rest_route=%2Fwp%2Fv2%2Ftags&post=1613"}],"curies":[{"name":"wp","href":"https:\/\/api.w.org\/{rel}","templated":true}]}}