{"id":1614,"date":"2026-04-29T06:05:05","date_gmt":"2026-04-29T09:05:05","guid":{"rendered":"https:\/\/vagas.portalemprego.com.br\/?p=1614"},"modified":"2026-04-29T06:05:05","modified_gmt":"2026-04-29T09:05:05","slug":"analista-de-compliance-e-ouvidoria-auditoria-sao-goncalo","status":"publish","type":"post","link":"https:\/\/vagas.portalemprego.com.br\/?p=1614","title":{"rendered":"Analista de Compliance e Ouvidoria &#8211; Auditoria &#8211; S\u00e3o Gon\u00e7alo"},"content":{"rendered":"<p>Somos uma rede em constante crescimento e acreditamos que a \u00e9tica e a transpar\u00eancia s\u00e3o os pilares da nossa rela\u00e7\u00e3o com colaboradores e clientes. Se voc\u00ea \u00e9 um profissional detalhista, \u00edntegro e busca um ambiente onde sua atua\u00e7\u00e3o impacta diretamente a cultura organizacional, essa vaga \u00e9 para voc\u00ea.<br \/>\nO que voc\u00ea far\u00e1:<br \/>\nGest\u00e3o do Canal de Den\u00fancias: Receber, triar e classificar relatos sobre descumprimento do C\u00f3digo de Conduta (ass\u00e9dios, fraudes, condutas inadequadas).<br \/>\nInvestiga\u00e7\u00e3o e Apura\u00e7\u00e3o: Conduzir investiga\u00e7\u00f5es internas de forma imparcial, realizando entrevistas, coleta de evid\u00eancias e an\u00e1lise de documentos.<br \/>\nRelat\u00f3rios Estrat\u00e9gicos: Elaborar pareceres t\u00e9cnicos detalhados para subsidiar as decis\u00f5es do Comit\u00ea de \u00c9tica, RH e Jur\u00eddico.<br \/>\nOuvidoria: Atuar na media\u00e7\u00e3o de conflitos e no tratamento de reclama\u00e7\u00f5es que chegam via ouvidoria, buscando a resolu\u00e7\u00e3o e melhoria de processos.<br \/>\nCultura de \u00c9tica: Apoiar o RH na dissemina\u00e7\u00e3o de treinamentos e campanhas de conscientiza\u00e7\u00e3o sobre compliance e boas pr\u00e1ticas.<\/p>\n<ul>\n<li>Local de trabalho: S\u00e3o Gon\u00e7alo, RJ<\/li>\n<li>Regime de contrata\u00e7\u00e3o de tipo: Efetivo \u2013 CLT<\/li>\n<li>Jornada: Per\u00edodo Integral<\/li>\n<li>\u00c1rea e especializa\u00e7\u00e3o profissional: Auditoria &#8211; Auditoria Interna<\/li>\n<li>N\u00edvel hier\u00e1rquico: Especialista<\/li>\n<\/ul>\n<p>VALORIZADO<\/p>\n<p>Tempo de experi\u00eancia: Entre 3 e 5 anos<\/p>\n<p>Escolaridade M\u00ednima: Ensino Superior<\/p>\n<p>Forma\u00e7\u00e3o desejada:<\/p>\n<ul>\n<li>Direito, Ensino Superior<\/li>\n<\/ul>\n<p>Sal\u00e1rio: 3800,0<\/p>\n","protected":false},"excerpt":{"rendered":"<p>Somos uma rede em constante crescimento e acreditamos que a \u00e9tica e a transpar\u00eancia s\u00e3o os pilares da nossa rela\u00e7\u00e3o com colaboradores e clientes. Se voc\u00ea \u00e9 um profissional detalhista, \u00edntegro e busca um ambiente onde sua atua\u00e7\u00e3o impacta diretamente a cultura organizacional, essa vaga \u00e9 para voc\u00ea. O que voc\u00ea far\u00e1: Gest\u00e3o do Canal [&hellip;]<\/p>\n","protected":false},"author":1,"featured_media":0,"comment_status":"open","ping_status":"open","sticky":false,"template":"","format":"standard","meta":{"footnotes":""},"categories":[21],"tags":[],"class_list":["post-1614","post","type-post","status-publish","format-standard","hentry","category-rio-de-janeiro-rj"],"_links":{"self":[{"href":"https:\/\/vagas.portalemprego.com.br\/index.php?rest_route=\/wp\/v2\/posts\/1614","targetHints":{"allow":["GET"]}}],"collection":[{"href":"https:\/\/vagas.portalemprego.com.br\/index.php?rest_route=\/wp\/v2\/posts"}],"about":[{"href":"https:\/\/vagas.portalemprego.com.br\/index.php?rest_route=\/wp\/v2\/types\/post"}],"author":[{"embeddable":true,"href":"https:\/\/vagas.portalemprego.com.br\/index.php?rest_route=\/wp\/v2\/users\/1"}],"replies":[{"embeddable":true,"href":"https:\/\/vagas.portalemprego.com.br\/index.php?rest_route=%2Fwp%2Fv2%2Fcomments&post=1614"}],"version-history":[{"count":0,"href":"https:\/\/vagas.portalemprego.com.br\/index.php?rest_route=\/wp\/v2\/posts\/1614\/revisions"}],"wp:attachment":[{"href":"https:\/\/vagas.portalemprego.com.br\/index.php?rest_route=%2Fwp%2Fv2%2Fmedia&parent=1614"}],"wp:term":[{"taxonomy":"category","embeddable":true,"href":"https:\/\/vagas.portalemprego.com.br\/index.php?rest_route=%2Fwp%2Fv2%2Fcategories&post=1614"},{"taxonomy":"post_tag","embeddable":true,"href":"https:\/\/vagas.portalemprego.com.br\/index.php?rest_route=%2Fwp%2Fv2%2Ftags&post=1614"}],"curies":[{"name":"wp","href":"https:\/\/api.w.org\/{rel}","templated":true}]}}