{"id":1617,"date":"2026-04-29T06:05:05","date_gmt":"2026-04-29T09:05:05","guid":{"rendered":"https:\/\/vagas.portalemprego.com.br\/?p=1617"},"modified":"2026-04-29T06:05:05","modified_gmt":"2026-04-29T09:05:05","slug":"supervisor-operacional-industrial-producao-fabrica-nova-friburgo","status":"publish","type":"post","link":"https:\/\/vagas.portalemprego.com.br\/?p=1617","title":{"rendered":"Supervisor Operacional &#8211; Industrial, Produ\u00e7\u00e3o, F\u00e1brica &#8211; Nova Friburgo"},"content":{"rendered":"<p>Descri\u00e7\u00e3o da Vaga:<br \/>\nO Supervisor Operacional ser\u00e1 respons\u00e1vel por planejar, coordenar e acompanhar as atividades operacionais da empresa, assegurando efici\u00eancia, qualidade na presta\u00e7\u00e3o dos servi\u00e7os e o cumprimento integral dos contratos. Atuar\u00e1 diretamente na supervis\u00e3o de equipes, gest\u00e3o de processos e no relacionamento com clientes e fornecedores, promovendo a melhoria cont\u00ednua das opera\u00e7\u00f5es.<br \/>\nResponsabilidades:<br \/>\n\u2022 Supervisionar e coordenar equipes terceirizadas.<br \/>\n\u2022 Garantir a execu\u00e7\u00e3o dos contratos de acordo com os padr\u00f5es estabelecidos.<br \/>\n\u2022 Monitorar indicadores de desempenho e propor melhorias.<br \/>\n\u2022 Gerenciar a log\u00edstica de opera\u00e7\u00f5es e escalas de trabalho.<br \/>\n\u2022 Garantir a satisfa\u00e7\u00e3o dos clientes e solucionar eventuais problemas operacionais.<br \/>\n\u2022 Controlar custos operacionais e otimizar recursos.<br \/>\n\u2022 Atuar de forma integrada com os demais setores da empresa, garantindo comunica\u00e7\u00e3o eficiente.<br \/>\n\u2022 Conduzir reuni\u00f5es de alinhamento, treinamentos e orienta\u00e7\u00f5es para as equipes operacionais..<br \/>\nRequisitos:<\/p>\n<p>\u2022 Experi\u00eancia comprovada na \u00e1rea operacional, preferencialmente em empresas de terceiriza\u00e7\u00e3o de m\u00e3o de obra.<br \/>\n\u2022 Disponibilidade para viagens  podendo ser acionado para deslocamentos a qualquer momento.<br \/>\n\u2022 CNH categoria B, com experi\u00eancia em dire\u00e7\u00e3o em grandes centros urbanos, especialmente no Rio de Janeiro.<br \/>\n\u2022 Habilidade com gest\u00e3o de equipes e resolu\u00e7\u00e3o de conflitos.<br \/>\n\u2022 Boa comunica\u00e7\u00e3o e perfil estrat\u00e9gico.<\/p>\n<ul>\n<li>Local de trabalho: Nova Friburgo, RJ<\/li>\n<li>Regime de contrata\u00e7\u00e3o de tipo: Efetivo \u2013 CLT<\/li>\n<li>Jornada: Per\u00edodo Integral<\/li>\n<li>\u00c1rea e especializa\u00e7\u00e3o profissional: Industrial, Produ\u00e7\u00e3o, F\u00e1brica &#8211; Produ\u00e7\u00e3o<\/li>\n<li>N\u00edvel hier\u00e1rquico: Supervisor<\/li>\n<\/ul>\n<p>Escolaridade M\u00ednima: Ensino Superior<\/p>\n<p>Habilita\u00e7\u00e3o para dirigir: B<\/p>\n<p>Disponibilidade para viajar<\/p>\n<p>Sal\u00e1rio: 4418,12<\/p>\n","protected":false},"excerpt":{"rendered":"<p>Descri\u00e7\u00e3o da Vaga: O Supervisor Operacional ser\u00e1 respons\u00e1vel por planejar, coordenar e acompanhar as atividades operacionais da empresa, assegurando efici\u00eancia, qualidade na presta\u00e7\u00e3o dos servi\u00e7os e o cumprimento integral dos contratos. Atuar\u00e1 diretamente na supervis\u00e3o de equipes, gest\u00e3o de processos e no relacionamento com clientes e fornecedores, promovendo a melhoria cont\u00ednua das opera\u00e7\u00f5es. Responsabilidades: \u2022 [&hellip;]<\/p>\n","protected":false},"author":1,"featured_media":0,"comment_status":"open","ping_status":"open","sticky":false,"template":"","format":"standard","meta":{"footnotes":""},"categories":[21],"tags":[],"class_list":["post-1617","post","type-post","status-publish","format-standard","hentry","category-rio-de-janeiro-rj"],"_links":{"self":[{"href":"https:\/\/vagas.portalemprego.com.br\/index.php?rest_route=\/wp\/v2\/posts\/1617","targetHints":{"allow":["GET"]}}],"collection":[{"href":"https:\/\/vagas.portalemprego.com.br\/index.php?rest_route=\/wp\/v2\/posts"}],"about":[{"href":"https:\/\/vagas.portalemprego.com.br\/index.php?rest_route=\/wp\/v2\/types\/post"}],"author":[{"embeddable":true,"href":"https:\/\/vagas.portalemprego.com.br\/index.php?rest_route=\/wp\/v2\/users\/1"}],"replies":[{"embeddable":true,"href":"https:\/\/vagas.portalemprego.com.br\/index.php?rest_route=%2Fwp%2Fv2%2Fcomments&post=1617"}],"version-history":[{"count":0,"href":"https:\/\/vagas.portalemprego.com.br\/index.php?rest_route=\/wp\/v2\/posts\/1617\/revisions"}],"wp:attachment":[{"href":"https:\/\/vagas.portalemprego.com.br\/index.php?rest_route=%2Fwp%2Fv2%2Fmedia&parent=1617"}],"wp:term":[{"taxonomy":"category","embeddable":true,"href":"https:\/\/vagas.portalemprego.com.br\/index.php?rest_route=%2Fwp%2Fv2%2Fcategories&post=1617"},{"taxonomy":"post_tag","embeddable":true,"href":"https:\/\/vagas.portalemprego.com.br\/index.php?rest_route=%2Fwp%2Fv2%2Ftags&post=1617"}],"curies":[{"name":"wp","href":"https:\/\/api.w.org\/{rel}","templated":true}]}}