{"id":1618,"date":"2026-04-29T06:05:05","date_gmt":"2026-04-29T09:05:05","guid":{"rendered":"https:\/\/vagas.portalemprego.com.br\/?p=1618"},"modified":"2026-04-29T06:05:05","modified_gmt":"2026-04-29T09:05:05","slug":"assistente-administrativo-senior-nova-friburgo-rj-administracao-nova-friburgo","status":"publish","type":"post","link":"https:\/\/vagas.portalemprego.com.br\/?p=1618","title":{"rendered":"ASSISTENTE ADMINISTRATIVO S\u00caNIOR  ( NOVA FRIBURGO RJ) &#8211; Administra\u00e7\u00e3o &#8211; Nova Friburgo"},"content":{"rendered":"<p>Estimado(a) Candidato(a),<\/p>\n<p>Estamos encantados em estender uma oferta de emprego para o cargo de Assistente Administrativo em Nova Service.<br \/>\nN\u00f3s acreditamos que sua experi\u00eancia e habilidades se alinham perfeitamente com as nossas necessidades e esperamos que voc\u00ea possa contribuir para o nosso crescente time.<\/p>\n<p>Nosso Assistente\u00a0Administrativo ser\u00e1 respons\u00e1vel por apoiar as atividades di\u00e1rias da equipe administrativa, garantindo o fluxo eficiente de processos e comunica\u00e7\u00e3o.<br \/>\nAlgumas das tarefas incluem:  Contas a pagar, contas a receber, confer\u00eancia de folha de pagamento, controle de fluxos e organiza\u00e7\u00e3o de documentos diversos, realiza\u00e7\u00e3o de pagamentos diversos e atividades administrativas em geral.<br \/>\nPrecisamos de algu\u00e9m que seja proativo, din\u00e2mico e comprometido com a excel\u00eancia.<br \/>\nAl\u00e9m disso, esperamos que voc\u00ea tenha \u00f3timas habilidades interpessoais, seja organizado e detalhista, e tenha uma s\u00f3lida compreens\u00e3o dos processos administrativos.<br \/>\nComo parte da nossa equipe, voc\u00ea ter\u00e1 a oportunidade de trabalhar em um ambiente colaborativo e estimulante, com \u00f3timas oportunidades de crescimento e desenvolvimento.<\/p>\n<p>N\u00f3s oferecemos um pacote competitivo de benef\u00edcios e uma cultura corporativa que valoriza e respeita seus colaboradores.<\/p>\n<p>Se voc\u00ea estiver interessado em aceitar nossa oferta, por favor, confirme sua aceita\u00e7\u00e3o por meio do sistema de recursos humanos da nossa empresa.<\/p>\n<p>Caso tenha alguma d\u00favida ou precise de mais informa\u00e7\u00f5es, n\u00e3o hesite em entrar em contato conosco.<\/p>\n<p>Aguardo sua resposta.<\/p>\n<p>Equipe de Recrutamento da Nova Service.<\/p>\n<ul>\n<li>Local de trabalho: Nova Friburgo, RJ<\/li>\n<li>Regime de contrata\u00e7\u00e3o de tipo: Efetivo \u2013 CLT<\/li>\n<li>Jornada: Per\u00edodo Integral<\/li>\n<li>\u00c1rea e especializa\u00e7\u00e3o profissional: Administra\u00e7\u00e3o &#8211; Administra\u00e7\u00e3o Geral<\/li>\n<li>N\u00edvel hier\u00e1rquico: Assistente<\/li>\n<\/ul>\n<p>HABILIDADES<\/p>\n<ul>\n<li>DIN\u00c2MICA<\/li>\n<li>COMPROMETIMENTO<\/li>\n<li>PR\u00d3-ATIVIDADE<\/li>\n<\/ul>\n<p>Escolaridade M\u00ednima: Ensino M\u00e9dio (2\u00ba Grau)<\/p>\n<ul>\n<li>VT<\/li>\n<li>VR<\/li>\n<\/ul>\n","protected":false},"excerpt":{"rendered":"<p>Estimado(a) Candidato(a), Estamos encantados em estender uma oferta de emprego para o cargo de Assistente Administrativo em Nova Service. N\u00f3s acreditamos que sua experi\u00eancia e habilidades se alinham perfeitamente com as nossas necessidades e esperamos que voc\u00ea possa contribuir para o nosso crescente time. Nosso Assistente\u00a0Administrativo ser\u00e1 respons\u00e1vel por apoiar as atividades di\u00e1rias da equipe [&hellip;]<\/p>\n","protected":false},"author":1,"featured_media":0,"comment_status":"open","ping_status":"open","sticky":false,"template":"","format":"standard","meta":{"footnotes":""},"categories":[21],"tags":[],"class_list":["post-1618","post","type-post","status-publish","format-standard","hentry","category-rio-de-janeiro-rj"],"_links":{"self":[{"href":"https:\/\/vagas.portalemprego.com.br\/index.php?rest_route=\/wp\/v2\/posts\/1618","targetHints":{"allow":["GET"]}}],"collection":[{"href":"https:\/\/vagas.portalemprego.com.br\/index.php?rest_route=\/wp\/v2\/posts"}],"about":[{"href":"https:\/\/vagas.portalemprego.com.br\/index.php?rest_route=\/wp\/v2\/types\/post"}],"author":[{"embeddable":true,"href":"https:\/\/vagas.portalemprego.com.br\/index.php?rest_route=\/wp\/v2\/users\/1"}],"replies":[{"embeddable":true,"href":"https:\/\/vagas.portalemprego.com.br\/index.php?rest_route=%2Fwp%2Fv2%2Fcomments&post=1618"}],"version-history":[{"count":0,"href":"https:\/\/vagas.portalemprego.com.br\/index.php?rest_route=\/wp\/v2\/posts\/1618\/revisions"}],"wp:attachment":[{"href":"https:\/\/vagas.portalemprego.com.br\/index.php?rest_route=%2Fwp%2Fv2%2Fmedia&parent=1618"}],"wp:term":[{"taxonomy":"category","embeddable":true,"href":"https:\/\/vagas.portalemprego.com.br\/index.php?rest_route=%2Fwp%2Fv2%2Fcategories&post=1618"},{"taxonomy":"post_tag","embeddable":true,"href":"https:\/\/vagas.portalemprego.com.br\/index.php?rest_route=%2Fwp%2Fv2%2Ftags&post=1618"}],"curies":[{"name":"wp","href":"https:\/\/api.w.org\/{rel}","templated":true}]}}