{"id":1621,"date":"2026-04-29T06:05:05","date_gmt":"2026-04-29T09:05:05","guid":{"rendered":"https:\/\/vagas.portalemprego.com.br\/?p=1621"},"modified":"2026-04-29T06:05:05","modified_gmt":"2026-04-29T09:05:05","slug":"supervisor-de-producao-industrial-producao-fabrica-rio-de-janeiro","status":"publish","type":"post","link":"https:\/\/vagas.portalemprego.com.br\/?p=1621","title":{"rendered":"Supervisor  de Produ\u00e7\u00e3o &#8211; Industrial, Produ\u00e7\u00e3o, F\u00e1brica &#8211; Rio de Janeiro"},"content":{"rendered":"<p>Se voc\u00ea tem perfil de lideran\u00e7a, gosta de desafios e busca crescimento em um ambiente industrial din\u00e2mico, essa oportunidade \u00e9 para voc\u00ea!<br \/>\nO que voc\u00ea vai fazer:<br \/>\nLiderar e acompanhar o time de produ\u00e7\u00e3o, garantindo produtividade e qualidade;<br \/>\nPlanejar insumos via sistema e realizar requisi\u00e7\u00f5es de compras e manuten\u00e7\u00e3o;<br \/>\nGerenciar o ponto e rotina da equipe;<br \/>\nAtuar na organiza\u00e7\u00e3o da produ\u00e7\u00e3o e impress\u00e3o de etiquetas;<br \/>\nDesenvolver e treinar colaboradores;<br \/>\nApoiar e facilitar processos da ISO 9001;<br \/>\nAcompanhar indicadores (produtividade, seguran\u00e7a\/DDS, absente\u00edsmo e medidas disciplinares);<br \/>\nParticipar de recrutamento, desligamentos e avalia\u00e7\u00f5es de desempenho;<br \/>\nApoiar o controle de qualidade e acompanhar trocas de moldes;<br \/>\nRealizar confer\u00eancia de insumos entre turnos.<br \/>\nO que buscamos:<br \/>\nEnsino superior &#8211; Administra\u00e7\u00e3o, Engenharias e \u00e1reas afins;<br \/>\nExperi\u00eancia com lideran\u00e7a na \u00e1rea de produ\u00e7\u00e3o;<br \/>\nConhecimento em Lean Manufacturing (5S, Kaizen, Poka-Yoke);<br \/>\nViv\u00eancia com an\u00e1lise de qualidade;<br \/>\nPerfil proativo, organizado e com foco em resultados.<br \/>\nDiferenciais:<br \/>\nExperi\u00eancia em ind\u00fastria;<br \/>\nViv\u00eancia com ISO 9001.<br \/>\nPor que trabalhar conosco?<br \/>\nAmbiente colaborativo e com oportunidades de desenvolvimento;<br \/>\nEspa\u00e7o para crescimento profissional;<\/p>\n<p>Todas as oportunidades est\u00e3o abertas para pessoas com defici\u00eancia (PcD) e reabilitados do INSS.<\/p>\n<ul>\n<li>N\u00famero de vagas: 2<\/li>\n<li>Local de trabalho: Rio de Janeiro, RJ<\/li>\n<li>Regime de contrata\u00e7\u00e3o de tipo: Efetivo \u2013 CLT<\/li>\n<li>Jornada: Per\u00edodo Integral<\/li>\n<li>\u00c1rea e especializa\u00e7\u00e3o profissional: Industrial, Produ\u00e7\u00e3o, F\u00e1brica &#8211; Produ\u00e7\u00e3o<\/li>\n<li>N\u00edvel hier\u00e1rquico: Supervisor<\/li>\n<\/ul>\n<p>VALORIZADO<\/p>\n<p>Tempo de experi\u00eancia: Entre 1 e 3 anos<\/p>\n<p>Escolaridade M\u00ednima: Ensino Superior<\/p>\n<ul>\n<li>Plano de Sa\u00fade<\/li>\n<li>Plano Odontol\u00f3gico<\/li>\n<li>cesta b\u00e1sica<\/li>\n<li>Vale transporte<\/li>\n<\/ul>\n","protected":false},"excerpt":{"rendered":"<p>Se voc\u00ea tem perfil de lideran\u00e7a, gosta de desafios e busca crescimento em um ambiente industrial din\u00e2mico, essa oportunidade \u00e9 para voc\u00ea! O que voc\u00ea vai fazer: Liderar e acompanhar o time de produ\u00e7\u00e3o, garantindo produtividade e qualidade; Planejar insumos via sistema e realizar requisi\u00e7\u00f5es de compras e manuten\u00e7\u00e3o; Gerenciar o ponto e rotina da [&hellip;]<\/p>\n","protected":false},"author":1,"featured_media":0,"comment_status":"open","ping_status":"open","sticky":false,"template":"","format":"standard","meta":{"footnotes":""},"categories":[21],"tags":[],"class_list":["post-1621","post","type-post","status-publish","format-standard","hentry","category-rio-de-janeiro-rj"],"_links":{"self":[{"href":"https:\/\/vagas.portalemprego.com.br\/index.php?rest_route=\/wp\/v2\/posts\/1621","targetHints":{"allow":["GET"]}}],"collection":[{"href":"https:\/\/vagas.portalemprego.com.br\/index.php?rest_route=\/wp\/v2\/posts"}],"about":[{"href":"https:\/\/vagas.portalemprego.com.br\/index.php?rest_route=\/wp\/v2\/types\/post"}],"author":[{"embeddable":true,"href":"https:\/\/vagas.portalemprego.com.br\/index.php?rest_route=\/wp\/v2\/users\/1"}],"replies":[{"embeddable":true,"href":"https:\/\/vagas.portalemprego.com.br\/index.php?rest_route=%2Fwp%2Fv2%2Fcomments&post=1621"}],"version-history":[{"count":0,"href":"https:\/\/vagas.portalemprego.com.br\/index.php?rest_route=\/wp\/v2\/posts\/1621\/revisions"}],"wp:attachment":[{"href":"https:\/\/vagas.portalemprego.com.br\/index.php?rest_route=%2Fwp%2Fv2%2Fmedia&parent=1621"}],"wp:term":[{"taxonomy":"category","embeddable":true,"href":"https:\/\/vagas.portalemprego.com.br\/index.php?rest_route=%2Fwp%2Fv2%2Fcategories&post=1621"},{"taxonomy":"post_tag","embeddable":true,"href":"https:\/\/vagas.portalemprego.com.br\/index.php?rest_route=%2Fwp%2Fv2%2Ftags&post=1621"}],"curies":[{"name":"wp","href":"https:\/\/api.w.org\/{rel}","templated":true}]}}