{"id":1623,"date":"2026-04-29T06:05:05","date_gmt":"2026-04-29T09:05:05","guid":{"rendered":"https:\/\/vagas.portalemprego.com.br\/?p=1623"},"modified":"2026-04-29T06:05:05","modified_gmt":"2026-04-29T09:05:05","slug":"consultor-de-vendas-diretas-comercial-vendas-rio-de-janeiro","status":"publish","type":"post","link":"https:\/\/vagas.portalemprego.com.br\/?p=1623","title":{"rendered":"Consultor de Vendas Diretas &#8211; Comercial, Vendas &#8211; Rio de Janeiro"},"content":{"rendered":"<p>Venha fazer parte do #GrupoAB!<br \/>\nCom quase 60 anos de atua\u00e7\u00e3o no mercado automotivo, o Grupo AB representa algumas das principais marcas de autom\u00f3veis, caminh\u00f5es, \u00f4nibus e motocicletas presentes no Brasil. Hoje contamos com quase mil colaboradores, todos comprometidos em cumprir cada compromisso assumido com nossos clientes e em entregar sempre a melhor experi\u00eancia.<br \/>\nEntre as montadoras que confiam ao Grupo AB a responsabilidade de comercializar seus produtos est\u00e3o: Volkswagen, Honda, Mercedes-Benz, Volvo, Nissan, BYD, Triumph, Harley-Davidson e MAN\/Volkswagen Caminh\u00f5es e \u00d4nibus.<br \/>\nEstamos em busca de um Consultor de Vendas Diretas, para integrar o time de Vendas em nossas lojas no Rio de Janeiro!<br \/>\nSe voc\u00ea tem perfil comercial, gosta de trabalhar com metas e busca crescimento profissional, essa pode ser a oportunidade ideal para acelerar sua carreira no setor automotivo.<\/p>\n<p>Responsabilidades:<br \/>\n\u2022 Realizar o atendimento aos clientes na loja, apresentando ve\u00edculos e negociando valores, condi\u00e7\u00f5es e prazos de entrega;<br \/>\n\u2022 Prospectar novos clientes e trabalhar na convers\u00e3o de leads, buscando oportunidades de neg\u00f3cios;<br \/>\n\u2022 Acompanhar todo o processo de vendas, desde a negocia\u00e7\u00e3o at\u00e9 a entrega do ve\u00edculo ao cliente;<br \/>\n\u2022 Garantir o cumprimento dos padr\u00f5es, processos e pol\u00edticas do Grupo, conforme o C\u00f3digo de \u00c9tica e Conduta.<\/p>\n<p>Requisitos:<br \/>\n\u2022 Ensino m\u00e9dio completo;<br \/>\n\u2022 Experi\u00eancia comprovada na fun\u00e7\u00e3o (registro em CTPS);<br \/>\n\u2022 Boa comunica\u00e7\u00e3o verbal e escrita;<br \/>\n\u2022 Perfil comercial com habilidade de negocia\u00e7\u00e3o;<br \/>\n\u2022 Facilidade para trabalhar com metas e resultados.<\/p>\n<p>Regime de contrata\u00e7\u00e3o: CLT \u2013 Efetivo<br \/>\nHor\u00e1rio: Segunda a sexta-feira, das 08h \u00e0s 18h<br \/>\nS\u00e1bados: Por escala<br \/>\n? Venha crescer com a gente e fazer parte do time do Grupo AB!<\/p>\n<ul>\n<li>Local de trabalho: Rio de Janeiro, RJ<\/li>\n<li>Regime de contrata\u00e7\u00e3o de tipo: Efetivo \u2013 CLT<\/li>\n<li>Jornada: Per\u00edodo Integral<\/li>\n<li>\u00c1rea e especializa\u00e7\u00e3o profissional: Comercial, Vendas &#8211; Venda Externa<\/li>\n<li>N\u00edvel hier\u00e1rquico: Consultor<\/li>\n<\/ul>\n<p>Escolaridade M\u00ednima: Ensino M\u00e9dio (2\u00ba Grau)<\/p>\n<ul>\n<li>Aux\u00edlio Natalidade<\/li>\n<li>Plano Odontol\u00f3gico<\/li>\n<li>Conv\u00eanio com SESC<\/li>\n<li>Vale-alimenta\u00e7\u00e3o<\/li>\n<li>Vale-refei\u00e7\u00e3o ou Alimenta\u00e7\u00e3o no local<\/li>\n<li>Vale Transporte<\/li>\n<li>Cesta de Natal<\/li>\n<li>Auxilio Funeral<\/li>\n<li>Desconto em Farm\u00e1cias<\/li>\n<\/ul>\n","protected":false},"excerpt":{"rendered":"<p>Venha fazer parte do #GrupoAB! Com quase 60 anos de atua\u00e7\u00e3o no mercado automotivo, o Grupo AB representa algumas das principais marcas de autom\u00f3veis, caminh\u00f5es, \u00f4nibus e motocicletas presentes no Brasil. Hoje contamos com quase mil colaboradores, todos comprometidos em cumprir cada compromisso assumido com nossos clientes e em entregar sempre a melhor experi\u00eancia. Entre [&hellip;]<\/p>\n","protected":false},"author":1,"featured_media":0,"comment_status":"open","ping_status":"open","sticky":false,"template":"","format":"standard","meta":{"footnotes":""},"categories":[21],"tags":[],"class_list":["post-1623","post","type-post","status-publish","format-standard","hentry","category-rio-de-janeiro-rj"],"_links":{"self":[{"href":"https:\/\/vagas.portalemprego.com.br\/index.php?rest_route=\/wp\/v2\/posts\/1623","targetHints":{"allow":["GET"]}}],"collection":[{"href":"https:\/\/vagas.portalemprego.com.br\/index.php?rest_route=\/wp\/v2\/posts"}],"about":[{"href":"https:\/\/vagas.portalemprego.com.br\/index.php?rest_route=\/wp\/v2\/types\/post"}],"author":[{"embeddable":true,"href":"https:\/\/vagas.portalemprego.com.br\/index.php?rest_route=\/wp\/v2\/users\/1"}],"replies":[{"embeddable":true,"href":"https:\/\/vagas.portalemprego.com.br\/index.php?rest_route=%2Fwp%2Fv2%2Fcomments&post=1623"}],"version-history":[{"count":0,"href":"https:\/\/vagas.portalemprego.com.br\/index.php?rest_route=\/wp\/v2\/posts\/1623\/revisions"}],"wp:attachment":[{"href":"https:\/\/vagas.portalemprego.com.br\/index.php?rest_route=%2Fwp%2Fv2%2Fmedia&parent=1623"}],"wp:term":[{"taxonomy":"category","embeddable":true,"href":"https:\/\/vagas.portalemprego.com.br\/index.php?rest_route=%2Fwp%2Fv2%2Fcategories&post=1623"},{"taxonomy":"post_tag","embeddable":true,"href":"https:\/\/vagas.portalemprego.com.br\/index.php?rest_route=%2Fwp%2Fv2%2Ftags&post=1623"}],"curies":[{"name":"wp","href":"https:\/\/api.w.org\/{rel}","templated":true}]}}