{"id":1626,"date":"2026-04-29T06:12:12","date_gmt":"2026-04-29T09:12:12","guid":{"rendered":"https:\/\/vagas.portalemprego.com.br\/?p=1626"},"modified":"2026-04-29T06:12:12","modified_gmt":"2026-04-29T09:12:12","slug":"estagio-em-tecnico-em-seguranca-do-trabalho-seguranca-marica","status":"publish","type":"post","link":"https:\/\/vagas.portalemprego.com.br\/?p=1626","title":{"rendered":"Est\u00e1gio em T\u00e9cnico em Seguran\u00e7a do Trabalho &#8211; Seguran\u00e7a &#8211; Maric\u00e1"},"content":{"rendered":"<p>Instituto seleciona estudantes de T\u00e9cnico em Seguran\u00e7a do Trabalho, 1\u00b0 ou 2\u00b0 ano, para est\u00e1gio. <\/p>\n<p>Atividades:<br \/>\n&#8211; Auxiliar os instrutores na prepara\u00e7\u00e3o dos cursos no p\u00e1tio de combate a inc\u00eandios.<\/p>\n<p>Oferece bolsa aux\u00edlio de R$1.200,00 + aux\u00edlio transporte + refei\u00e7\u00e3o no local <\/p>\n<p>Hor\u00e1rio: 8h \u00e0s 15h, com 1h de intervalo &#8211; segunda \u00e0 sexta <\/p>\n<p>Local: Maric\u00e1\/Itaipua\u00e7u<\/p>\n<ul>\n<li>N\u00famero de vagas: 2<\/li>\n<li>Local de trabalho: Maric\u00e1, RJ<\/li>\n<li>Regime de contrata\u00e7\u00e3o de tipo: Est\u00e1gio<\/li>\n<li>Jornada: Per\u00edodo Integral<\/li>\n<li>\u00c1rea e especializa\u00e7\u00e3o profissional: Seguran\u00e7a &#8211; Seguran\u00e7a<\/li>\n<li>N\u00edvel hier\u00e1rquico: Estagi\u00e1rio<\/li>\n<\/ul>\n<p>Escolaridade M\u00ednima: Ensino Superior<\/p>\n<p>Sal\u00e1rio: 1200,0<\/p>\n","protected":false},"excerpt":{"rendered":"<p>Instituto seleciona estudantes de T\u00e9cnico em Seguran\u00e7a do Trabalho, 1\u00b0 ou 2\u00b0 ano, para est\u00e1gio. Atividades: &#8211; Auxiliar os instrutores na prepara\u00e7\u00e3o dos cursos no p\u00e1tio de combate a inc\u00eandios. Oferece bolsa aux\u00edlio de R$1.200,00 + aux\u00edlio transporte + refei\u00e7\u00e3o no local Hor\u00e1rio: 8h \u00e0s 15h, com 1h de intervalo &#8211; segunda \u00e0 sexta Local: [&hellip;]<\/p>\n","protected":false},"author":1,"featured_media":0,"comment_status":"open","ping_status":"open","sticky":false,"template":"","format":"standard","meta":{"footnotes":""},"categories":[21],"tags":[],"class_list":["post-1626","post","type-post","status-publish","format-standard","hentry","category-rio-de-janeiro-rj"],"_links":{"self":[{"href":"https:\/\/vagas.portalemprego.com.br\/index.php?rest_route=\/wp\/v2\/posts\/1626","targetHints":{"allow":["GET"]}}],"collection":[{"href":"https:\/\/vagas.portalemprego.com.br\/index.php?rest_route=\/wp\/v2\/posts"}],"about":[{"href":"https:\/\/vagas.portalemprego.com.br\/index.php?rest_route=\/wp\/v2\/types\/post"}],"author":[{"embeddable":true,"href":"https:\/\/vagas.portalemprego.com.br\/index.php?rest_route=\/wp\/v2\/users\/1"}],"replies":[{"embeddable":true,"href":"https:\/\/vagas.portalemprego.com.br\/index.php?rest_route=%2Fwp%2Fv2%2Fcomments&post=1626"}],"version-history":[{"count":0,"href":"https:\/\/vagas.portalemprego.com.br\/index.php?rest_route=\/wp\/v2\/posts\/1626\/revisions"}],"wp:attachment":[{"href":"https:\/\/vagas.portalemprego.com.br\/index.php?rest_route=%2Fwp%2Fv2%2Fmedia&parent=1626"}],"wp:term":[{"taxonomy":"category","embeddable":true,"href":"https:\/\/vagas.portalemprego.com.br\/index.php?rest_route=%2Fwp%2Fv2%2Fcategories&post=1626"},{"taxonomy":"post_tag","embeddable":true,"href":"https:\/\/vagas.portalemprego.com.br\/index.php?rest_route=%2Fwp%2Fv2%2Ftags&post=1626"}],"curies":[{"name":"wp","href":"https:\/\/api.w.org\/{rel}","templated":true}]}}