{"id":1627,"date":"2026-04-29T06:12:12","date_gmt":"2026-04-29T09:12:12","guid":{"rendered":"https:\/\/vagas.portalemprego.com.br\/?p=1627"},"modified":"2026-04-29T06:12:12","modified_gmt":"2026-04-29T09:12:12","slug":"recepcionista-administracao-rio-de-janeiro-3","status":"publish","type":"post","link":"https:\/\/vagas.portalemprego.com.br\/?p=1627","title":{"rendered":"Recepcionista &#8211; Administra\u00e7\u00e3o &#8211; Rio de Janeiro"},"content":{"rendered":"<p>Estamos em busca de uma Recepcionista para ser o primeiro contato da nossa empresa, recebendo clientes, visitantes e colaboradores com simpatia, cordialidade e profissionalismo.<br \/>\nEssa pessoa dar\u00e1 suporte \u00e0s rotinas administrativas, cuidar\u00e1 do controle de correspond\u00eancias e manter\u00e1 a recep\u00e7\u00e3o organizada e acolhedora, contribuindo diretamente para uma experi\u00eancia positiva de todos que passam por aqui.<br \/>\nSe voc\u00ea gosta de lidar com pessoas e tem aten\u00e7\u00e3o aos detalhes, essa oportunidade pode ser para voc\u00ea!  <\/p>\n<p>Principais Atividades:<br \/>\n\u2022 Atender, realizar e transferir liga\u00e7\u00f5es telef\u00f4nicas;<br \/>\n\u2022 Realizar a triagem de liga\u00e7\u00f5es e direcionar aos setores respons\u00e1veis;<br \/>\n\u2022 Recepcionar clientes, visitantes e fornecedores de forma cordial e<br \/>\nprofissional;<br \/>\n\u2022 Envelopar, organizar e encaminhar correspond\u00eancias;<br \/>\n\u2022 Realizar o envio e recebimento de documentos e encomendas via Correios;<br \/>\n\u2022 Controlar a entrada e sa\u00edda de funcion\u00e1rios, visitantes e prestadores de<br \/>\nservi\u00e7o;<br \/>\n\u2022 Apoiar em atividades administrativas da recep\u00e7\u00e3o quando necess\u00e1rio.<\/p>\n<p>Requisitos:<br \/>\n\u2022 Ensino m\u00e9dio completo;<br \/>\n\u2022 Boa comunica\u00e7\u00e3o verbal e escrita;<br \/>\n\u2022 Organiza\u00e7\u00e3o e aten\u00e7\u00e3o aos detalhes;<br \/>\n\u2022 Conhecimentos b\u00e1sicos de inform\u00e1tica (Pacote Office e e-mail).<\/p>\n<p>Perfil Desejado:<br \/>\n\u2022 Cordialidade e postura profissional;<br \/>\n\u2022 Proatividade e responsabilidade;<br \/>\n\u2022 Capacidade de lidar com diferentes p\u00fablico<\/p>\n<ul>\n<li>Local de trabalho: Rio de Janeiro, RJ<\/li>\n<li>Regime de contrata\u00e7\u00e3o de tipo: Efetivo \u2013 CLT<\/li>\n<li>Jornada: Per\u00edodo Integral<\/li>\n<li>\u00c1rea e especializa\u00e7\u00e3o profissional: Administra\u00e7\u00e3o &#8211; Recep\u00e7\u00e3o<\/li>\n<li>N\u00edvel hier\u00e1rquico: Auxiliar<\/li>\n<\/ul>\n<p>VALORIZADO<\/p>\n<p>Tempo de experi\u00eancia: Entre 1 e 3 anos<\/p>\n<p>HABILIDADES<\/p>\n<ul>\n<li>Microsoft office<\/li>\n<li>Recebendo chamadas<\/li>\n<li>Recep\u00e7\u00e3o<\/li>\n<li>Atendimento ao cliente<\/li>\n<li>Servi\u00e7o ao cliente<\/li>\n<\/ul>\n<p>Escolaridade M\u00ednima: Ensino M\u00e9dio (2\u00ba Grau)<\/p>\n<ul>\n<li>Assist\u00eancia m\u00e9dica<\/li>\n<li>Assist\u00eancia odontol\u00f3gica<\/li>\n<li>Vale-transporte<\/li>\n<li>Vale-refei\u00e7\u00e3o<\/li>\n<li>Vale-alimenta\u00e7\u00e3o<\/li>\n<li>Wellhub<\/li>\n<\/ul>\n","protected":false},"excerpt":{"rendered":"<p>Estamos em busca de uma Recepcionista para ser o primeiro contato da nossa empresa, recebendo clientes, visitantes e colaboradores com simpatia, cordialidade e profissionalismo. Essa pessoa dar\u00e1 suporte \u00e0s rotinas administrativas, cuidar\u00e1 do controle de correspond\u00eancias e manter\u00e1 a recep\u00e7\u00e3o organizada e acolhedora, contribuindo diretamente para uma experi\u00eancia positiva de todos que passam por aqui. [&hellip;]<\/p>\n","protected":false},"author":1,"featured_media":0,"comment_status":"open","ping_status":"open","sticky":false,"template":"","format":"standard","meta":{"footnotes":""},"categories":[21],"tags":[],"class_list":["post-1627","post","type-post","status-publish","format-standard","hentry","category-rio-de-janeiro-rj"],"_links":{"self":[{"href":"https:\/\/vagas.portalemprego.com.br\/index.php?rest_route=\/wp\/v2\/posts\/1627","targetHints":{"allow":["GET"]}}],"collection":[{"href":"https:\/\/vagas.portalemprego.com.br\/index.php?rest_route=\/wp\/v2\/posts"}],"about":[{"href":"https:\/\/vagas.portalemprego.com.br\/index.php?rest_route=\/wp\/v2\/types\/post"}],"author":[{"embeddable":true,"href":"https:\/\/vagas.portalemprego.com.br\/index.php?rest_route=\/wp\/v2\/users\/1"}],"replies":[{"embeddable":true,"href":"https:\/\/vagas.portalemprego.com.br\/index.php?rest_route=%2Fwp%2Fv2%2Fcomments&post=1627"}],"version-history":[{"count":0,"href":"https:\/\/vagas.portalemprego.com.br\/index.php?rest_route=\/wp\/v2\/posts\/1627\/revisions"}],"wp:attachment":[{"href":"https:\/\/vagas.portalemprego.com.br\/index.php?rest_route=%2Fwp%2Fv2%2Fmedia&parent=1627"}],"wp:term":[{"taxonomy":"category","embeddable":true,"href":"https:\/\/vagas.portalemprego.com.br\/index.php?rest_route=%2Fwp%2Fv2%2Fcategories&post=1627"},{"taxonomy":"post_tag","embeddable":true,"href":"https:\/\/vagas.portalemprego.com.br\/index.php?rest_route=%2Fwp%2Fv2%2Ftags&post=1627"}],"curies":[{"name":"wp","href":"https:\/\/api.w.org\/{rel}","templated":true}]}}