{"id":1632,"date":"2026-04-29T06:12:12","date_gmt":"2026-04-29T09:12:12","guid":{"rendered":"https:\/\/vagas.portalemprego.com.br\/?p=1632"},"modified":"2026-04-29T06:12:12","modified_gmt":"2026-04-29T09:12:12","slug":"encarregado-e-estoque-e-servicos-logistica-rio-de-janeiro","status":"publish","type":"post","link":"https:\/\/vagas.portalemprego.com.br\/?p=1632","title":{"rendered":"Encarregado e Estoque e Servi\u00e7os &#8211; Log\u00edstica &#8211; Rio de Janeiro"},"content":{"rendered":"<p>Estamos em busca de um Encarregado e Estoque e Servi\u00e7os de Manuten\u00e7\u00e3o respons\u00e1vel din\u00e2mico e com perfil de lideran\u00e7a para atuar em empresa do segmento de design.<br \/>\nA posi\u00e7\u00e3o exige atua\u00e7\u00e3o pr\u00e1tica no dia a dia com foco na organiza\u00e7\u00e3o das opera\u00e7\u00f5es log\u00edsticas controle de estoque e gest\u00e3o de equipe<\/p>\n<p>Atividades:<br \/>\nCoordena\u00e7\u00e3o da equipe operacional incluindo carga descarga e t\u00e9cnicos de manuten\u00e7\u00e3o<br \/>\nSupervis\u00e3o do recebimento e movimenta\u00e7\u00e3o de mercadorias<br \/>\nOrganiza\u00e7\u00e3o e controle de estoque invent\u00e1rios e acuracidade<br \/>\nGarantia do fluxo entre log\u00edstica assist\u00eancia t\u00e9cnica e estoque<br \/>\nDistribui\u00e7\u00e3o de atividades para equipe t\u00e9cnica<br \/>\nAcompanhamento de servi\u00e7os internos e externos<br \/>\nAtua\u00e7\u00e3o operacional quando necess\u00e1rio no descarregamento e organiza\u00e7\u00e3o<br \/>\nControle de entradas sa\u00eddas e transfer\u00eancias de produtos<br \/>\nResolu\u00e7\u00e3o de problemas operacionais<\/p>\n<p>Requisitos:<br \/>\nExperi\u00eancia s\u00f3lida em log\u00edstica operacional e estoque<br \/>\nViv\u00eancia com rotinas de dep\u00f3sito carga e descarga<br \/>\nConhecimento em invent\u00e1rio e organiza\u00e7\u00e3o de estoque<br \/>\nCNH B obrigat\u00f3ria<br \/>\nDisponibilidade para deslocamentos e viagens pontuais<\/p>\n<p>Benef\u00edcios:<br \/>\nVale transporte<br \/>\nVale alimenta\u00e7\u00e3o<br \/>\nPlano de sa\u00fade com coparticipa\u00e7\u00e3o<\/p>\n<ul>\n<li>Local de trabalho: Rio de Janeiro, RJ<\/li>\n<li>Regime de contrata\u00e7\u00e3o de tipo: Efetivo \u2013 CLT<\/li>\n<li>Jornada: Per\u00edodo Integral<\/li>\n<li>\u00c1rea e especializa\u00e7\u00e3o profissional: Log\u00edstica &#8211; Estoque, Armazenagem, Dep\u00f3sito<\/li>\n<li>N\u00edvel hier\u00e1rquico: Encarregado<\/li>\n<\/ul>\n<p>VALORIZADO<\/p>\n<p>Tempo de experi\u00eancia: Entre 3 e 5 anos<\/p>\n<p>Escolaridade M\u00ednima: Ensino Superior<\/p>\n","protected":false},"excerpt":{"rendered":"<p>Estamos em busca de um Encarregado e Estoque e Servi\u00e7os de Manuten\u00e7\u00e3o respons\u00e1vel din\u00e2mico e com perfil de lideran\u00e7a para atuar em empresa do segmento de design. A posi\u00e7\u00e3o exige atua\u00e7\u00e3o pr\u00e1tica no dia a dia com foco na organiza\u00e7\u00e3o das opera\u00e7\u00f5es log\u00edsticas controle de estoque e gest\u00e3o de equipe Atividades: Coordena\u00e7\u00e3o da equipe operacional [&hellip;]<\/p>\n","protected":false},"author":1,"featured_media":0,"comment_status":"open","ping_status":"open","sticky":false,"template":"","format":"standard","meta":{"footnotes":""},"categories":[21],"tags":[],"class_list":["post-1632","post","type-post","status-publish","format-standard","hentry","category-rio-de-janeiro-rj"],"_links":{"self":[{"href":"https:\/\/vagas.portalemprego.com.br\/index.php?rest_route=\/wp\/v2\/posts\/1632","targetHints":{"allow":["GET"]}}],"collection":[{"href":"https:\/\/vagas.portalemprego.com.br\/index.php?rest_route=\/wp\/v2\/posts"}],"about":[{"href":"https:\/\/vagas.portalemprego.com.br\/index.php?rest_route=\/wp\/v2\/types\/post"}],"author":[{"embeddable":true,"href":"https:\/\/vagas.portalemprego.com.br\/index.php?rest_route=\/wp\/v2\/users\/1"}],"replies":[{"embeddable":true,"href":"https:\/\/vagas.portalemprego.com.br\/index.php?rest_route=%2Fwp%2Fv2%2Fcomments&post=1632"}],"version-history":[{"count":0,"href":"https:\/\/vagas.portalemprego.com.br\/index.php?rest_route=\/wp\/v2\/posts\/1632\/revisions"}],"wp:attachment":[{"href":"https:\/\/vagas.portalemprego.com.br\/index.php?rest_route=%2Fwp%2Fv2%2Fmedia&parent=1632"}],"wp:term":[{"taxonomy":"category","embeddable":true,"href":"https:\/\/vagas.portalemprego.com.br\/index.php?rest_route=%2Fwp%2Fv2%2Fcategories&post=1632"},{"taxonomy":"post_tag","embeddable":true,"href":"https:\/\/vagas.portalemprego.com.br\/index.php?rest_route=%2Fwp%2Fv2%2Ftags&post=1632"}],"curies":[{"name":"wp","href":"https:\/\/api.w.org\/{rel}","templated":true}]}}