{"id":1634,"date":"2026-04-29T06:13:13","date_gmt":"2026-04-29T09:13:13","guid":{"rendered":"https:\/\/vagas.portalemprego.com.br\/?p=1634"},"modified":"2026-04-29T06:13:13","modified_gmt":"2026-04-29T09:13:13","slug":"gerente-de-vendas-campos-dos-goytacazes-rj-comercial-vendas-campos-dos-goytacazes","status":"publish","type":"post","link":"https:\/\/vagas.portalemprego.com.br\/?p=1634","title":{"rendered":"Gerente de Vendas \u2013  Campos dos Goytacazes\/RJ &#8211; Comercial, Vendas &#8211; Campos dos Goytacazes"},"content":{"rendered":"<p>Estamos em busca de um(a) Gerente de Vendas experiente para liderar a equipe comercial de concession\u00e1ria em Maca\u00e9\/RJ. Procuramos um profissional com forte perfil de lideran\u00e7a, foco em resultados e s\u00f3lida viv\u00eancia no ramo automotivo.<\/p>\n<p>Responsabilidades:<br \/>\nGerenciar e desenvolver a equipe de vendas, garantindo alta performance e engajamento<br \/>\nAcompanhar metas, indicadores (KPIs) e resultados comerciais<br \/>\nElaborar e executar estrat\u00e9gias para aumento de vendas e rentabilidade<br \/>\nGarantir excel\u00eancia no atendimento ao cliente e nos processos comerciais<br \/>\nAtuar no controle de estoque, giro de ve\u00edculos e planejamento de compras<br \/>\nAssegurar o cumprimento dos padr\u00f5es e diretrizes da montadora<br \/>\nAnalisar mercado, concorr\u00eancia e oportunidades de crescimento<br \/>\nInterface direta com diretoria e \u00e1reas de apoio<\/p>\n<ul>\n<li>Local de trabalho: Campos dos Goytacazes, RJ<\/li>\n<li>Regime de contrata\u00e7\u00e3o de tipo: Prestador de Servi\u00e7os (PJ)<\/li>\n<li>Jornada: Per\u00edodo Integral<\/li>\n<li>\u00c1rea e especializa\u00e7\u00e3o profissional: Comercial, Vendas &#8211; Venda Interna<\/li>\n<li>N\u00edvel hier\u00e1rquico: Gerente<\/li>\n<\/ul>\n<p>VALORIZADO<\/p>\n<p>Tempo de experi\u00eancia: Entre 3 e 5 anos<\/p>\n<p>Escolaridade M\u00ednima: Ensino M\u00e9dio (2\u00ba Grau)<\/p>\n<p>Habilita\u00e7\u00e3o para dirigir: B<\/p>\n<p>Disponibilidade para viajar<\/p>\n<p>Sal\u00e1rio: 12000,0<\/p>\n","protected":false},"excerpt":{"rendered":"<p>Estamos em busca de um(a) Gerente de Vendas experiente para liderar a equipe comercial de concession\u00e1ria em Maca\u00e9\/RJ. Procuramos um profissional com forte perfil de lideran\u00e7a, foco em resultados e s\u00f3lida viv\u00eancia no ramo automotivo. Responsabilidades: Gerenciar e desenvolver a equipe de vendas, garantindo alta performance e engajamento Acompanhar metas, indicadores (KPIs) e resultados comerciais [&hellip;]<\/p>\n","protected":false},"author":1,"featured_media":0,"comment_status":"open","ping_status":"open","sticky":false,"template":"","format":"standard","meta":{"footnotes":""},"categories":[21],"tags":[],"class_list":["post-1634","post","type-post","status-publish","format-standard","hentry","category-rio-de-janeiro-rj"],"_links":{"self":[{"href":"https:\/\/vagas.portalemprego.com.br\/index.php?rest_route=\/wp\/v2\/posts\/1634","targetHints":{"allow":["GET"]}}],"collection":[{"href":"https:\/\/vagas.portalemprego.com.br\/index.php?rest_route=\/wp\/v2\/posts"}],"about":[{"href":"https:\/\/vagas.portalemprego.com.br\/index.php?rest_route=\/wp\/v2\/types\/post"}],"author":[{"embeddable":true,"href":"https:\/\/vagas.portalemprego.com.br\/index.php?rest_route=\/wp\/v2\/users\/1"}],"replies":[{"embeddable":true,"href":"https:\/\/vagas.portalemprego.com.br\/index.php?rest_route=%2Fwp%2Fv2%2Fcomments&post=1634"}],"version-history":[{"count":0,"href":"https:\/\/vagas.portalemprego.com.br\/index.php?rest_route=\/wp\/v2\/posts\/1634\/revisions"}],"wp:attachment":[{"href":"https:\/\/vagas.portalemprego.com.br\/index.php?rest_route=%2Fwp%2Fv2%2Fmedia&parent=1634"}],"wp:term":[{"taxonomy":"category","embeddable":true,"href":"https:\/\/vagas.portalemprego.com.br\/index.php?rest_route=%2Fwp%2Fv2%2Fcategories&post=1634"},{"taxonomy":"post_tag","embeddable":true,"href":"https:\/\/vagas.portalemprego.com.br\/index.php?rest_route=%2Fwp%2Fv2%2Ftags&post=1634"}],"curies":[{"name":"wp","href":"https:\/\/api.w.org\/{rel}","templated":true}]}}