{"id":1637,"date":"2026-04-29T06:13:13","date_gmt":"2026-04-29T09:13:13","guid":{"rendered":"https:\/\/vagas.portalemprego.com.br\/?p=1637"},"modified":"2026-04-29T06:13:13","modified_gmt":"2026-04-29T09:13:13","slug":"jovem-aprendiz-departamento-pessoal-recursos-humanos-rio-de-janeiro","status":"publish","type":"post","link":"https:\/\/vagas.portalemprego.com.br\/?p=1637","title":{"rendered":"Jovem Aprendiz &#8211; Departamento Pessoal &#8211; Recursos Humanos &#8211; Rio de Janeiro"},"content":{"rendered":"<p>Atividades:<br \/>\nApoio administrativo ao setor de departamento pessoal, fazendo organiza\u00e7\u00e3o de arquivos f\u00edsicos e digitais e controle de pastas e de planilhas.<br \/>\nRequisitos:<br \/>\nTer entre 18 a 22 anos;<br \/>\nEnsino M\u00e9dio Completo;<br \/>\nNo\u00e7\u00f5es de Excel;<br \/>\nDisponibilidade para atuar presencial em Botafogo de segunda \u00e0 sexta, 4h por dia (9h as 13h);<br \/>\nBoa comunica\u00e7\u00e3o verbal, proatividade e organiza\u00e7\u00e3o.<br \/>\nOBS: Caso j\u00e1 tenha feito algum programa de Aprendiz Administrativo, n\u00e3o ser\u00e1 poss\u00edvel participar.<\/p>\n<ul>\n<li>Local de trabalho: Rio de Janeiro, RJ<\/li>\n<li>Regime de contrata\u00e7\u00e3o de tipo: Jovem Aprendiz<\/li>\n<li>Jornada: Parcial manh\u00e3s<\/li>\n<li>\u00c1rea e especializa\u00e7\u00e3o profissional: Recursos Humanos &#8211; Departamento Pessoal<\/li>\n<li>N\u00edvel hier\u00e1rquico: Auxiliar<\/li>\n<\/ul>\n<p>VALORIZADO<\/p>\n<p>Tempo de experi\u00eancia: Sem experi\u00eancia<\/p>\n<p>Escolaridade M\u00ednima: Ensino M\u00e9dio (2\u00ba Grau)<\/p>\n<ul>\n<li>Vale Refei\u00e7\u00e3o ou Alimenta\u00e7\u00e3o<\/li>\n<li>Vale Transporte<\/li>\n<\/ul>\n<p>Sal\u00e1rio: 760,0<\/p>\n","protected":false},"excerpt":{"rendered":"<p>Atividades: Apoio administrativo ao setor de departamento pessoal, fazendo organiza\u00e7\u00e3o de arquivos f\u00edsicos e digitais e controle de pastas e de planilhas. Requisitos: Ter entre 18 a 22 anos; Ensino M\u00e9dio Completo; No\u00e7\u00f5es de Excel; Disponibilidade para atuar presencial em Botafogo de segunda \u00e0 sexta, 4h por dia (9h as 13h); Boa comunica\u00e7\u00e3o verbal, proatividade [&hellip;]<\/p>\n","protected":false},"author":1,"featured_media":0,"comment_status":"open","ping_status":"open","sticky":false,"template":"","format":"standard","meta":{"footnotes":""},"categories":[21],"tags":[],"class_list":["post-1637","post","type-post","status-publish","format-standard","hentry","category-rio-de-janeiro-rj"],"_links":{"self":[{"href":"https:\/\/vagas.portalemprego.com.br\/index.php?rest_route=\/wp\/v2\/posts\/1637","targetHints":{"allow":["GET"]}}],"collection":[{"href":"https:\/\/vagas.portalemprego.com.br\/index.php?rest_route=\/wp\/v2\/posts"}],"about":[{"href":"https:\/\/vagas.portalemprego.com.br\/index.php?rest_route=\/wp\/v2\/types\/post"}],"author":[{"embeddable":true,"href":"https:\/\/vagas.portalemprego.com.br\/index.php?rest_route=\/wp\/v2\/users\/1"}],"replies":[{"embeddable":true,"href":"https:\/\/vagas.portalemprego.com.br\/index.php?rest_route=%2Fwp%2Fv2%2Fcomments&post=1637"}],"version-history":[{"count":0,"href":"https:\/\/vagas.portalemprego.com.br\/index.php?rest_route=\/wp\/v2\/posts\/1637\/revisions"}],"wp:attachment":[{"href":"https:\/\/vagas.portalemprego.com.br\/index.php?rest_route=%2Fwp%2Fv2%2Fmedia&parent=1637"}],"wp:term":[{"taxonomy":"category","embeddable":true,"href":"https:\/\/vagas.portalemprego.com.br\/index.php?rest_route=%2Fwp%2Fv2%2Fcategories&post=1637"},{"taxonomy":"post_tag","embeddable":true,"href":"https:\/\/vagas.portalemprego.com.br\/index.php?rest_route=%2Fwp%2Fv2%2Ftags&post=1637"}],"curies":[{"name":"wp","href":"https:\/\/api.w.org\/{rel}","templated":true}]}}