{"id":1640,"date":"2026-04-29T06:13:13","date_gmt":"2026-04-29T09:13:13","guid":{"rendered":"https:\/\/vagas.portalemprego.com.br\/?p=1640"},"modified":"2026-04-29T06:13:13","modified_gmt":"2026-04-29T09:13:13","slug":"vendedor-externo-comercial-vendas-paracambi","status":"publish","type":"post","link":"https:\/\/vagas.portalemprego.com.br\/?p=1640","title":{"rendered":"Vendedor Externo &#8211; Comercial, Vendas &#8211; Paracambi"},"content":{"rendered":"<p>Vaga de Vendedor Externo<br \/>\nFun\u00e7\u00f5es:<br \/>\nInteragir com potenciais clientes para apresentar produtos e servi\u00e7os<br \/>\nPossuir relacionamentos com clientes existentes<br \/>\nColaborar com a equipe de vendas para atingir metas de vendas<\/p>\n<p>Requisitos:<br \/>\nExperi\u00eancia em vendas externas;<br \/>\nConhecimento em produtos e servi\u00e7os da \u00e1rea sera um diferencial;<br \/>\nCapacidade de comunica\u00e7\u00e3o e negocia\u00e7\u00e3o;<br \/>\nHabilidade em trabalhar em equipe;<br \/>\nHabilita\u00e7\u00e3o A;<br \/>\nPossuir moto pr\u00f3pria;<br \/>\nResidir e ser conhecedor da Baixada Fluminense;<\/p>\n<ul>\n<li>Local de trabalho: Paracambi, RJ<\/li>\n<li>Regime de contrata\u00e7\u00e3o de tipo: Efetivo \u2013 CLT<\/li>\n<li>Jornada: Per\u00edodo Integral<\/li>\n<li>\u00c1rea e especializa\u00e7\u00e3o profissional: Comercial, Vendas &#8211; Venda Externa<\/li>\n<li>N\u00edvel hier\u00e1rquico: Operacional<\/li>\n<\/ul>\n<p>Escolaridade M\u00ednima: Ensino M\u00e9dio (2\u00ba Grau)<\/p>\n<p>Habilita\u00e7\u00e3o para dirigir: A<\/p>\n<p>Ve\u00edculo pr\u00f3prio<\/p>\n<ul>\n<li>Vale-alimenta\u00e7\u00e3o<\/li>\n<li>Produtividade<\/li>\n<li>Plano de saude<\/li>\n<li>Convenio com faculdades<\/li>\n<\/ul>\n","protected":false},"excerpt":{"rendered":"<p>Vaga de Vendedor Externo Fun\u00e7\u00f5es: Interagir com potenciais clientes para apresentar produtos e servi\u00e7os Possuir relacionamentos com clientes existentes Colaborar com a equipe de vendas para atingir metas de vendas Requisitos: Experi\u00eancia em vendas externas; Conhecimento em produtos e servi\u00e7os da \u00e1rea sera um diferencial; Capacidade de comunica\u00e7\u00e3o e negocia\u00e7\u00e3o; Habilidade em trabalhar em equipe; [&hellip;]<\/p>\n","protected":false},"author":1,"featured_media":0,"comment_status":"open","ping_status":"open","sticky":false,"template":"","format":"standard","meta":{"footnotes":""},"categories":[21],"tags":[],"class_list":["post-1640","post","type-post","status-publish","format-standard","hentry","category-rio-de-janeiro-rj"],"_links":{"self":[{"href":"https:\/\/vagas.portalemprego.com.br\/index.php?rest_route=\/wp\/v2\/posts\/1640","targetHints":{"allow":["GET"]}}],"collection":[{"href":"https:\/\/vagas.portalemprego.com.br\/index.php?rest_route=\/wp\/v2\/posts"}],"about":[{"href":"https:\/\/vagas.portalemprego.com.br\/index.php?rest_route=\/wp\/v2\/types\/post"}],"author":[{"embeddable":true,"href":"https:\/\/vagas.portalemprego.com.br\/index.php?rest_route=\/wp\/v2\/users\/1"}],"replies":[{"embeddable":true,"href":"https:\/\/vagas.portalemprego.com.br\/index.php?rest_route=%2Fwp%2Fv2%2Fcomments&post=1640"}],"version-history":[{"count":0,"href":"https:\/\/vagas.portalemprego.com.br\/index.php?rest_route=\/wp\/v2\/posts\/1640\/revisions"}],"wp:attachment":[{"href":"https:\/\/vagas.portalemprego.com.br\/index.php?rest_route=%2Fwp%2Fv2%2Fmedia&parent=1640"}],"wp:term":[{"taxonomy":"category","embeddable":true,"href":"https:\/\/vagas.portalemprego.com.br\/index.php?rest_route=%2Fwp%2Fv2%2Fcategories&post=1640"},{"taxonomy":"post_tag","embeddable":true,"href":"https:\/\/vagas.portalemprego.com.br\/index.php?rest_route=%2Fwp%2Fv2%2Ftags&post=1640"}],"curies":[{"name":"wp","href":"https:\/\/api.w.org\/{rel}","templated":true}]}}