{"id":1643,"date":"2026-04-29T06:13:13","date_gmt":"2026-04-29T09:13:13","guid":{"rendered":"https:\/\/vagas.portalemprego.com.br\/?p=1643"},"modified":"2026-04-29T06:13:13","modified_gmt":"2026-04-29T09:13:13","slug":"farmaceuticoa-regulatorio-auditoria-niteroi","status":"publish","type":"post","link":"https:\/\/vagas.portalemprego.com.br\/?p=1643","title":{"rendered":"Farmac\u00eautico(a) \u2013 \u00a0Regulat\u00f3rio &#8211; Auditoria &#8211; Niter\u00f3i"},"content":{"rendered":"<p>Estamos em busca de um(a) Farmac\u00eautico(a) para atuar \u00a0na \u00e1rea regulat\u00f3ria, garantindo a conformidade com exig\u00eancias legais e sanit\u00e1rias, com foco em documentos t\u00e9cnicos, licen\u00e7as, auditorias e comunica\u00e7\u00e3o com \u00f3rg\u00e3os reguladores.<\/p>\n<p>Responsabilidades:<br \/>\nManuten\u00e7\u00e3o e renova\u00e7\u00e3o de licen\u00e7as e certifica\u00e7\u00f5es;<br \/>\nElabora\u00e7\u00e3o e revis\u00e3o de POPs e documentos normativos;<br \/>\nSuporte em auditorias internas;<br \/>\nControle de prazos regulat\u00f3rios e atendimento a exig\u00eancias;<br \/>\nTreinamentos e suporte t\u00e9cnico \u00e0s \u00e1reas internas.<\/p>\n<p>Requisitos Obrigat\u00f3rios::<br \/>\nGradua\u00e7\u00e3o completa em Farm\u00e1cia;<br \/>\nDom\u00ednio do Pacote Office.<\/p>\n<p>\u00a0Diferencial:<br \/>\nExperi\u00eancia com assuntos regulat\u00f3rios;<br \/>\nViv\u00eancia em auditorias internas ;<\/p>\n<p>Perfil:<br \/>\nOrganiza\u00e7\u00e3o, aten\u00e7\u00e3o a prazos, boa comunica\u00e7\u00e3o, proatividade e foco em\u00a0conformidade.<\/p>\n<ul>\n<li>Local de trabalho: Niter\u00f3i, RJ<\/li>\n<li>Regime de contrata\u00e7\u00e3o de tipo: Efetivo \u2013 CLT<\/li>\n<li>Jornada: Per\u00edodo Integral<\/li>\n<li>\u00c1rea e especializa\u00e7\u00e3o profissional: Auditoria &#8211; Auditoria Interna<\/li>\n<li>N\u00edvel hier\u00e1rquico: Supervisor<\/li>\n<\/ul>\n<p>HABILIDADES<\/p>\n<ul>\n<li>Suporte t\u00e9cnico<\/li>\n<li>Trabalho em equipe<\/li>\n<li>Tomada de decis\u00e3o<\/li>\n<li>Conformidade<\/li>\n<li>Foco em resultados<\/li>\n<li>Comunica\u00e7\u00e3o<\/li>\n<\/ul>\n<p>Escolaridade M\u00ednima: P\u00f3s-gradua\u00e7\u00e3o &#8211; Especializa\u00e7\u00e3o\/MBA<\/p>\n<ul>\n<li>HOR\u00c1RIO DE SEGUNDA A SEXTA DAS 08H \u00c0S 17:48H<\/li>\n<li>VT<\/li>\n<li>VR 30,00<\/li>\n<\/ul>\n<p>Sal\u00e1rio: 4287,6<\/p>\n","protected":false},"excerpt":{"rendered":"<p>Estamos em busca de um(a) Farmac\u00eautico(a) para atuar \u00a0na \u00e1rea regulat\u00f3ria, garantindo a conformidade com exig\u00eancias legais e sanit\u00e1rias, com foco em documentos t\u00e9cnicos, licen\u00e7as, auditorias e comunica\u00e7\u00e3o com \u00f3rg\u00e3os reguladores. Responsabilidades: Manuten\u00e7\u00e3o e renova\u00e7\u00e3o de licen\u00e7as e certifica\u00e7\u00f5es; Elabora\u00e7\u00e3o e revis\u00e3o de POPs e documentos normativos; Suporte em auditorias internas; Controle de prazos regulat\u00f3rios [&hellip;]<\/p>\n","protected":false},"author":1,"featured_media":0,"comment_status":"open","ping_status":"open","sticky":false,"template":"","format":"standard","meta":{"footnotes":""},"categories":[21],"tags":[],"class_list":["post-1643","post","type-post","status-publish","format-standard","hentry","category-rio-de-janeiro-rj"],"_links":{"self":[{"href":"https:\/\/vagas.portalemprego.com.br\/index.php?rest_route=\/wp\/v2\/posts\/1643","targetHints":{"allow":["GET"]}}],"collection":[{"href":"https:\/\/vagas.portalemprego.com.br\/index.php?rest_route=\/wp\/v2\/posts"}],"about":[{"href":"https:\/\/vagas.portalemprego.com.br\/index.php?rest_route=\/wp\/v2\/types\/post"}],"author":[{"embeddable":true,"href":"https:\/\/vagas.portalemprego.com.br\/index.php?rest_route=\/wp\/v2\/users\/1"}],"replies":[{"embeddable":true,"href":"https:\/\/vagas.portalemprego.com.br\/index.php?rest_route=%2Fwp%2Fv2%2Fcomments&post=1643"}],"version-history":[{"count":0,"href":"https:\/\/vagas.portalemprego.com.br\/index.php?rest_route=\/wp\/v2\/posts\/1643\/revisions"}],"wp:attachment":[{"href":"https:\/\/vagas.portalemprego.com.br\/index.php?rest_route=%2Fwp%2Fv2%2Fmedia&parent=1643"}],"wp:term":[{"taxonomy":"category","embeddable":true,"href":"https:\/\/vagas.portalemprego.com.br\/index.php?rest_route=%2Fwp%2Fv2%2Fcategories&post=1643"},{"taxonomy":"post_tag","embeddable":true,"href":"https:\/\/vagas.portalemprego.com.br\/index.php?rest_route=%2Fwp%2Fv2%2Ftags&post=1643"}],"curies":[{"name":"wp","href":"https:\/\/api.w.org\/{rel}","templated":true}]}}