{"id":1648,"date":"2026-04-29T06:13:13","date_gmt":"2026-04-29T09:13:13","guid":{"rendered":"https:\/\/vagas.portalemprego.com.br\/?p=1648"},"modified":"2026-04-29T06:13:13","modified_gmt":"2026-04-29T09:13:13","slug":"analista-administrativo-unidade-administracao-rio-de-janeiro","status":"publish","type":"post","link":"https:\/\/vagas.portalemprego.com.br\/?p=1648","title":{"rendered":"Analista Administrativo &#8211; Unidade &#8211; Administra\u00e7\u00e3o &#8211; Rio de Janeiro"},"content":{"rendered":"<p>&#8220;Somos a BSL Sa\u00fade, a maior rede de cuidados p\u00f3s-agudos do Brasil e atuamos com Residenciais para Idosos, Cl\u00ednicas de Transi\u00e7\u00e3o e Home Care.<br \/>\nAqui, somos especialistas em cuidados humanizados e contamos com equipes de sa\u00fade multidisciplinares, que garantem uma rela\u00e7\u00e3o de benef\u00edcio para quem \u00e9 atendido, seja durante um processo de desospitaliza\u00e7\u00e3o ou por uma escolha de acesso di\u00e1rio a cuidados especializados.<br \/>\nSe voc\u00ea tem valores como cuidado humanizado e profissionalismo, junte-se a n\u00f3s pois temos a vaga certa para voc\u00ea!&#8221;<\/p>\n<p>Responsabilidades e Atribui\u00e7\u00f5es do Cargo:<br \/>\n&#8211; Realizar confer\u00eancia dos relat\u00f3rios gerados, por prestadores de servi\u00e7os e fornecedores de equipamentos e gases medicinais, previa \u00e0 emiss\u00e3o da nota fiscal, checando se os itens descritos por paciente correspondem ao lan\u00e7ado e aprovado em or\u00e7amento.;<br \/>\n&#8211; Notificar \u00e1rea de relacionamento sobre diverg\u00eancias encontradas nos relat\u00f3rios x lan\u00e7adas em or\u00e7amento IW);<br \/>\n&#8211; Notificar prestador e\/ou fornecedor sobre valor validado para emiss\u00e3o de nota fiscal;<br \/>\n&#8211; Auditar prontu\u00e1rio com foco no controle de produtividade de equipe multidisciplinar, processo de double check;<br \/>\n&#8211; Realizar controle das aprova\u00e7\u00f5es em planilha pr\u00f3pria e\/ou IW;<br \/>\n&#8211; Gerar relat\u00f3rios de utiliza\u00e7\u00e3o de servi\u00e7os;<br \/>\n&#8211; Notificar prestador e\/ou fornecedor sobre glosas e suas devidas justificativas;<br \/>\n&#8211; Apoiar no processo de gest\u00e3o de pagamento de prestadores de servi\u00e7os \u2013 equipe multidisciplinar.<\/p>\n<p>* Desej\u00e1vel experi\u00eancia administrativa em aten\u00e7\u00e3o domiciliar e atividades de controladoria operacional;<br \/>\nConhecimento dos recursos utilizados em aten\u00e7\u00e3o domiciliar.<\/p>\n<ul>\n<li>Local de trabalho: Rio de Janeiro, RJ<\/li>\n<li>Regime de contrata\u00e7\u00e3o de tipo: Efetivo \u2013 CLT<\/li>\n<li>Jornada: Per\u00edodo Integral<\/li>\n<li>\u00c1rea e especializa\u00e7\u00e3o profissional: Administra\u00e7\u00e3o &#8211; Administra\u00e7\u00e3o Geral<\/li>\n<li>N\u00edvel hier\u00e1rquico: Analista<\/li>\n<\/ul>\n<p>VALORIZADO<\/p>\n<p>Tempo de experi\u00eancia: Entre 1 e 3 anos<\/p>\n<p>Escolaridade M\u00ednima: Ensino Superior<\/p>\n<p>Forma\u00e7\u00e3o desejada:<\/p>\n<ul>\n<li>Administra\u00e7\u00e3o de empresas, Ensino Superior<\/li>\n<\/ul>\n<ul>\n<li>VT<\/li>\n<\/ul>\n","protected":false},"excerpt":{"rendered":"<p>&#8220;Somos a BSL Sa\u00fade, a maior rede de cuidados p\u00f3s-agudos do Brasil e atuamos com Residenciais para Idosos, Cl\u00ednicas de Transi\u00e7\u00e3o e Home Care. Aqui, somos especialistas em cuidados humanizados e contamos com equipes de sa\u00fade multidisciplinares, que garantem uma rela\u00e7\u00e3o de benef\u00edcio para quem \u00e9 atendido, seja durante um processo de desospitaliza\u00e7\u00e3o ou por [&hellip;]<\/p>\n","protected":false},"author":1,"featured_media":0,"comment_status":"open","ping_status":"open","sticky":false,"template":"","format":"standard","meta":{"footnotes":""},"categories":[21],"tags":[],"class_list":["post-1648","post","type-post","status-publish","format-standard","hentry","category-rio-de-janeiro-rj"],"_links":{"self":[{"href":"https:\/\/vagas.portalemprego.com.br\/index.php?rest_route=\/wp\/v2\/posts\/1648","targetHints":{"allow":["GET"]}}],"collection":[{"href":"https:\/\/vagas.portalemprego.com.br\/index.php?rest_route=\/wp\/v2\/posts"}],"about":[{"href":"https:\/\/vagas.portalemprego.com.br\/index.php?rest_route=\/wp\/v2\/types\/post"}],"author":[{"embeddable":true,"href":"https:\/\/vagas.portalemprego.com.br\/index.php?rest_route=\/wp\/v2\/users\/1"}],"replies":[{"embeddable":true,"href":"https:\/\/vagas.portalemprego.com.br\/index.php?rest_route=%2Fwp%2Fv2%2Fcomments&post=1648"}],"version-history":[{"count":0,"href":"https:\/\/vagas.portalemprego.com.br\/index.php?rest_route=\/wp\/v2\/posts\/1648\/revisions"}],"wp:attachment":[{"href":"https:\/\/vagas.portalemprego.com.br\/index.php?rest_route=%2Fwp%2Fv2%2Fmedia&parent=1648"}],"wp:term":[{"taxonomy":"category","embeddable":true,"href":"https:\/\/vagas.portalemprego.com.br\/index.php?rest_route=%2Fwp%2Fv2%2Fcategories&post=1648"},{"taxonomy":"post_tag","embeddable":true,"href":"https:\/\/vagas.portalemprego.com.br\/index.php?rest_route=%2Fwp%2Fv2%2Ftags&post=1648"}],"curies":[{"name":"wp","href":"https:\/\/api.w.org\/{rel}","templated":true}]}}