{"id":1649,"date":"2026-04-29T06:13:13","date_gmt":"2026-04-29T09:13:13","guid":{"rendered":"https:\/\/vagas.portalemprego.com.br\/?p=1649"},"modified":"2026-04-29T06:13:13","modified_gmt":"2026-04-29T09:13:13","slug":"lider-operacional-santa-cruz-rj-logistica-rio-de-janeiro","status":"publish","type":"post","link":"https:\/\/vagas.portalemprego.com.br\/?p=1649","title":{"rendered":"L\u00cdDER OPERACIONAL &#8211; SANTA CRUZ\/RJ &#8211; Log\u00edstica &#8211; Rio de Janeiro"},"content":{"rendered":"<p>ExclusivaRH\/\u00a0Atacad\u00e3o\u00a0contrata:\u00a0L\u00edder Operacional  &#8211; para\u00a0atua\u00e7\u00e3o\u00a0no\u00a0Centro\u00a0de\u00a0Distribui\u00e7\u00e3o\u00a0do\u00a0Atacad\u00e3o\u00a0RJ.<\/p>\n<p>??\u00a0Requisitos:<\/p>\n<p>\u2022   Ensino M\u00e9dio completo e Ensino Superior ser\u00e1 um diferencial);<br \/>\n\u2022\tExperi\u00eancia consolidada em opera\u00e7\u00f5es log\u00edsticas, com foco em gest\u00e3o de equipes e processos;<br \/>\n\u2022\tExperi\u00eancia em centros de distribui\u00e7\u00e3o, armaz\u00e9ns ou ind\u00fastrias;<br \/>\n\u2022\tBoa comunica\u00e7\u00e3o e habilidades de lideran\u00e7a;<br \/>\n\u2022\tDesej\u00e1vel conhecimento em sistemas de gerenciamento de armaz\u00e9m (WMS), gest\u00e3o de frota e ferramentas de controle log\u00edstico.<\/p>\n<p>??\u00a0Informa\u00e7\u00f5es\u00a0da\u00a0vaga:<\/p>\n<p>\u2022\u00a0??\u00a0Sal\u00e1rio:\u00a0R$\u00a0 R$ 2870,00<br \/>\n\u2022\u00a0??\u00a0Benef\u00edcios:\u00a0VT,\u00a0alimenta\u00e7\u00e3o\u00a0no\u00a0local,\u00a0bonifica\u00e7\u00e3o\u00a0de\u00a0R$\u00a0120,00,\u00a0Plano\u00a0odontol\u00f3gico\u00a0e\u00a0TotalPass.<br \/>\n\u2022\u00a0?\u00a0Turnos\u00a0dispon\u00edveis:\u00a0Tarde: Segunda a quinta 14h00 \u00e0s 22h20 | Sexta 13h00 \u00e0s 21h20 | S\u00e1bado 09h00 \u00e0s 17h20<br \/>\n\u2022\u00a0??\u00a0Atividades:\u00a0Servi\u00e7o\u00a0operacional\u00a0&#8211;\u00a0<br \/>\nOrganizar prioridades di\u00e1rias, Alocar recursos de forma estrat\u00e9gica para otimizar o fluxo de trabalho, Supervisionar e apoiar o desenvolvimento da equipe e todas as atribui\u00e7\u00f5es pertinentes ao cargo.<\/p>\n<p>??\u00a0Local\u00a0de\u00a0trabalho:\u00a0\u00c1rea Remanescente 2, Av. Brasil, S\/N \u2013 Santa Cruz, Rio de Janeiro \u2013 RJ, 23570-030.<\/p>\n<ul>\n<li>Local de trabalho: Rio de Janeiro, RJ<\/li>\n<li>Regime de contrata\u00e7\u00e3o de tipo: Tempor\u00e1rio<\/li>\n<li>Jornada: Per\u00edodo Integral<\/li>\n<li>\u00c1rea e especializa\u00e7\u00e3o profissional: Log\u00edstica &#8211; Log\u00edstica<\/li>\n<li>N\u00edvel hier\u00e1rquico: Operacional<\/li>\n<\/ul>\n<p>VALORIZADO<\/p>\n<p>Tempo de experi\u00eancia: Entre 1 e 3 anos<\/p>\n<p>HABILIDADES<\/p>\n<ul>\n<li>Capacidade de coordena\u00e7\u00e3o<\/li>\n<li>Supervis\u00e3o de funcion\u00e1rios<\/li>\n<li>lideran\u00e7a<\/li>\n<li>Gerenciamento de equipe<\/li>\n<\/ul>\n<p>Escolaridade M\u00ednima: Ensino Superior<\/p>\n<p>Sal\u00e1rio: 2870,0<\/p>\n","protected":false},"excerpt":{"rendered":"<p>ExclusivaRH\/\u00a0Atacad\u00e3o\u00a0contrata:\u00a0L\u00edder Operacional &#8211; para\u00a0atua\u00e7\u00e3o\u00a0no\u00a0Centro\u00a0de\u00a0Distribui\u00e7\u00e3o\u00a0do\u00a0Atacad\u00e3o\u00a0RJ. ??\u00a0Requisitos: \u2022 Ensino M\u00e9dio completo e Ensino Superior ser\u00e1 um diferencial); \u2022 Experi\u00eancia consolidada em opera\u00e7\u00f5es log\u00edsticas, com foco em gest\u00e3o de equipes e processos; \u2022 Experi\u00eancia em centros de distribui\u00e7\u00e3o, armaz\u00e9ns ou ind\u00fastrias; \u2022 Boa comunica\u00e7\u00e3o e habilidades de lideran\u00e7a; \u2022 Desej\u00e1vel conhecimento em sistemas de gerenciamento de armaz\u00e9m (WMS), [&hellip;]<\/p>\n","protected":false},"author":1,"featured_media":0,"comment_status":"open","ping_status":"open","sticky":false,"template":"","format":"standard","meta":{"footnotes":""},"categories":[21],"tags":[],"class_list":["post-1649","post","type-post","status-publish","format-standard","hentry","category-rio-de-janeiro-rj"],"_links":{"self":[{"href":"https:\/\/vagas.portalemprego.com.br\/index.php?rest_route=\/wp\/v2\/posts\/1649","targetHints":{"allow":["GET"]}}],"collection":[{"href":"https:\/\/vagas.portalemprego.com.br\/index.php?rest_route=\/wp\/v2\/posts"}],"about":[{"href":"https:\/\/vagas.portalemprego.com.br\/index.php?rest_route=\/wp\/v2\/types\/post"}],"author":[{"embeddable":true,"href":"https:\/\/vagas.portalemprego.com.br\/index.php?rest_route=\/wp\/v2\/users\/1"}],"replies":[{"embeddable":true,"href":"https:\/\/vagas.portalemprego.com.br\/index.php?rest_route=%2Fwp%2Fv2%2Fcomments&post=1649"}],"version-history":[{"count":0,"href":"https:\/\/vagas.portalemprego.com.br\/index.php?rest_route=\/wp\/v2\/posts\/1649\/revisions"}],"wp:attachment":[{"href":"https:\/\/vagas.portalemprego.com.br\/index.php?rest_route=%2Fwp%2Fv2%2Fmedia&parent=1649"}],"wp:term":[{"taxonomy":"category","embeddable":true,"href":"https:\/\/vagas.portalemprego.com.br\/index.php?rest_route=%2Fwp%2Fv2%2Fcategories&post=1649"},{"taxonomy":"post_tag","embeddable":true,"href":"https:\/\/vagas.portalemprego.com.br\/index.php?rest_route=%2Fwp%2Fv2%2Ftags&post=1649"}],"curies":[{"name":"wp","href":"https:\/\/api.w.org\/{rel}","templated":true}]}}