{"id":1651,"date":"2026-04-29T06:13:13","date_gmt":"2026-04-29T09:13:13","guid":{"rendered":"https:\/\/vagas.portalemprego.com.br\/?p=1651"},"modified":"2026-04-29T06:13:13","modified_gmt":"2026-04-29T09:13:13","slug":"analista-de-departamento-pessoal-pleno-recursos-humanos-rio-de-janeiro","status":"publish","type":"post","link":"https:\/\/vagas.portalemprego.com.br\/?p=1651","title":{"rendered":"ANALISTA DE DEPARTAMENTO PESSOAL PLENO &#8211; Recursos Humanos &#8211; Rio de Janeiro"},"content":{"rendered":"<p>Fa\u00e7a parte de uma empresa do varejo em crescimento!<br \/>\nResponsabilidades:<br \/>\nAdministrar e realizar a gest\u00e3o dos benef\u00edcios de Vale Refei\u00e7\u00e3o (VR) e Vale Alimenta\u00e7\u00e3o (VA);<br \/>\nExecutar processos de compra, recarga, inclus\u00e3o, exclus\u00e3o e manuten\u00e7\u00e3o dos benef\u00edcios;<br \/>\nRealizar confer\u00eancias de valores, elegibilidade e descontos em folha de pagamento;<br \/>\nAtuar no controle de faturamento, notas fiscais e interface com fornecedores de benef\u00edcios;<br \/>\nGarantir o cumprimento de prazos e pol\u00edticas internas relacionadas aos benef\u00edcios;<br \/>\nPrestar atendimento aos colaboradores para esclarecimento de d\u00favidas sobre VR e VA;<br \/>\nApoiar auditorias internas, garantindo conformidade dos processos;<br \/>\nElaborar relat\u00f3rios gerenciais e controles em planilhas;<br \/>\nAtuar em parceria com a \u00e1rea de folha de pagamento e demais \u00e1reas de RH.<br \/>\nRequisitos:<br \/>\nEnsino superior completo em Administra\u00e7\u00e3o, Recursos Humanos ou \u00e1reas correlatas;<br \/>\nExperi\u00eancia pr\u00e9via em Departamento Pessoal, com foco em benef\u00edcios;<br \/>\nConhecimento em gest\u00e3o de VR e VA;<br \/>\nExcel intermedi\u00e1rio;<br \/>\nConhecimento em sistemas de folha de pagamento ser\u00e1 um diferencial.<\/p>\n<ul>\n<li>Local de trabalho: Rio de Janeiro, RJ<\/li>\n<li>Regime de contrata\u00e7\u00e3o de tipo: Efetivo \u2013 CLT<\/li>\n<li>Jornada: Per\u00edodo Integral<\/li>\n<li>\u00c1rea e especializa\u00e7\u00e3o profissional: Recursos Humanos &#8211; Cargos e Sal\u00e1rios, Benef\u00edcios, Rela\u00e7\u00f5es Sindicais<\/li>\n<li>N\u00edvel hier\u00e1rquico: Analista<\/li>\n<\/ul>\n<p>Escolaridade M\u00ednima: Ensino Superior<\/p>\n<ul>\n<li>Vale Alimenta\u00e7\u00e3o<\/li>\n<li>TotalPass<\/li>\n<li>Vale Refei\u00e7\u00e3o<\/li>\n<\/ul>\n","protected":false},"excerpt":{"rendered":"<p>Fa\u00e7a parte de uma empresa do varejo em crescimento! Responsabilidades: Administrar e realizar a gest\u00e3o dos benef\u00edcios de Vale Refei\u00e7\u00e3o (VR) e Vale Alimenta\u00e7\u00e3o (VA); Executar processos de compra, recarga, inclus\u00e3o, exclus\u00e3o e manuten\u00e7\u00e3o dos benef\u00edcios; Realizar confer\u00eancias de valores, elegibilidade e descontos em folha de pagamento; Atuar no controle de faturamento, notas fiscais e [&hellip;]<\/p>\n","protected":false},"author":1,"featured_media":0,"comment_status":"open","ping_status":"open","sticky":false,"template":"","format":"standard","meta":{"footnotes":""},"categories":[21],"tags":[],"class_list":["post-1651","post","type-post","status-publish","format-standard","hentry","category-rio-de-janeiro-rj"],"_links":{"self":[{"href":"https:\/\/vagas.portalemprego.com.br\/index.php?rest_route=\/wp\/v2\/posts\/1651","targetHints":{"allow":["GET"]}}],"collection":[{"href":"https:\/\/vagas.portalemprego.com.br\/index.php?rest_route=\/wp\/v2\/posts"}],"about":[{"href":"https:\/\/vagas.portalemprego.com.br\/index.php?rest_route=\/wp\/v2\/types\/post"}],"author":[{"embeddable":true,"href":"https:\/\/vagas.portalemprego.com.br\/index.php?rest_route=\/wp\/v2\/users\/1"}],"replies":[{"embeddable":true,"href":"https:\/\/vagas.portalemprego.com.br\/index.php?rest_route=%2Fwp%2Fv2%2Fcomments&post=1651"}],"version-history":[{"count":0,"href":"https:\/\/vagas.portalemprego.com.br\/index.php?rest_route=\/wp\/v2\/posts\/1651\/revisions"}],"wp:attachment":[{"href":"https:\/\/vagas.portalemprego.com.br\/index.php?rest_route=%2Fwp%2Fv2%2Fmedia&parent=1651"}],"wp:term":[{"taxonomy":"category","embeddable":true,"href":"https:\/\/vagas.portalemprego.com.br\/index.php?rest_route=%2Fwp%2Fv2%2Fcategories&post=1651"},{"taxonomy":"post_tag","embeddable":true,"href":"https:\/\/vagas.portalemprego.com.br\/index.php?rest_route=%2Fwp%2Fv2%2Ftags&post=1651"}],"curies":[{"name":"wp","href":"https:\/\/api.w.org\/{rel}","templated":true}]}}