{"id":1653,"date":"2026-04-29T06:13:13","date_gmt":"2026-04-29T09:13:13","guid":{"rendered":"https:\/\/vagas.portalemprego.com.br\/?p=1653"},"modified":"2026-04-29T06:13:13","modified_gmt":"2026-04-29T09:13:13","slug":"auxiliar-de-cultura-industrial-producao-fabrica-rio-de-janeiro","status":"publish","type":"post","link":"https:\/\/vagas.portalemprego.com.br\/?p=1653","title":{"rendered":"Auxiliar de Cultura &#8211; Industrial, Produ\u00e7\u00e3o, F\u00e1brica &#8211; Rio de Janeiro"},"content":{"rendered":"<p>SOBRE A ADECCO:\u00a0O Grupo Adecco \u00e9 l\u00edder mundial em Recursos Humanos, atua em 60 pa\u00edses atrav\u00e9s de 5,5 mil escrit\u00f3rios, proporcionando diariamente empregos a 700 mil pessoas e servi\u00e7os a mais de 100 mil empresas. Faz parte da lista 500 da Fortune Global e est\u00e1 cotada na bolsa de Zurique. O Grupo apresenta uma estrutura mundial orientada para a presta\u00e7\u00e3o de um servi\u00e7o integrado na \u00e1rea dos Recursos Humanos, com o compromisso de um desenvolvimento cont\u00ednuo de solu\u00e7\u00f5es eficazes e competitivas para os seus clientes. Buscamos sempre o atendimento de excel\u00eancia para nossos clientes, candidatos (as) e colaboradores (as) pois \u00e9 assim que alcan\u00e7aremos o sucesso e cresceremos juntos! Atualmente, o Grupo Adecco ocupa o 7\u00ba lugar no ranking das melhores empresas para se trabalhar no mundo e est\u00e1 cada vez mais ciente do seu papel de promover oportunidades no mercado de trabalho.\u00a0<br \/>\nResponsabilidades e atribui\u00e7\u00f5es<br \/>\n\u00a0Seus desafios ser\u00e3o:\u00a0<br \/>\nContribuir no atingimento das metas dos indicadores culturais;<br \/>\nAuxiliar na produ\u00e7\u00e3o cultural dos eventos e a\u00e7\u00f5es;<br \/>\nParticipar da execu\u00e7\u00e3o das a\u00e7\u00f5es culturais, eventos e projetos;<br \/>\nAcompanhar as oficinas culturais e visitas;<br \/>\nRealizar atendimento dos colaboradores nos ambientes (Biblioteca, \u00e1rea de lazer e oficinas).<\/p>\n<p>Requisitos:<br \/>\nEnsino M\u00e9dio Completo;<br \/>\nPerfil art\u00edstico.<\/p>\n<ul>\n<li>Local de trabalho: Rio de Janeiro, RJ<\/li>\n<li>Regime de contrata\u00e7\u00e3o de tipo: Tempor\u00e1rio<\/li>\n<li>Jornada: Per\u00edodo Integral<\/li>\n<li>\u00c1rea e especializa\u00e7\u00e3o profissional: Industrial, Produ\u00e7\u00e3o, F\u00e1brica &#8211; Produ\u00e7\u00e3o<\/li>\n<li>N\u00edvel hier\u00e1rquico: Auxiliar<\/li>\n<\/ul>\n<p>Escolaridade M\u00ednima: Ensino M\u00e9dio (2\u00ba Grau)<\/p>\n<p>Sal\u00e1rio: 3415,3<\/p>\n","protected":false},"excerpt":{"rendered":"<p>SOBRE A ADECCO:\u00a0O Grupo Adecco \u00e9 l\u00edder mundial em Recursos Humanos, atua em 60 pa\u00edses atrav\u00e9s de 5,5 mil escrit\u00f3rios, proporcionando diariamente empregos a 700 mil pessoas e servi\u00e7os a mais de 100 mil empresas. Faz parte da lista 500 da Fortune Global e est\u00e1 cotada na bolsa de Zurique. O Grupo apresenta uma estrutura [&hellip;]<\/p>\n","protected":false},"author":1,"featured_media":0,"comment_status":"open","ping_status":"open","sticky":false,"template":"","format":"standard","meta":{"footnotes":""},"categories":[21],"tags":[],"class_list":["post-1653","post","type-post","status-publish","format-standard","hentry","category-rio-de-janeiro-rj"],"_links":{"self":[{"href":"https:\/\/vagas.portalemprego.com.br\/index.php?rest_route=\/wp\/v2\/posts\/1653","targetHints":{"allow":["GET"]}}],"collection":[{"href":"https:\/\/vagas.portalemprego.com.br\/index.php?rest_route=\/wp\/v2\/posts"}],"about":[{"href":"https:\/\/vagas.portalemprego.com.br\/index.php?rest_route=\/wp\/v2\/types\/post"}],"author":[{"embeddable":true,"href":"https:\/\/vagas.portalemprego.com.br\/index.php?rest_route=\/wp\/v2\/users\/1"}],"replies":[{"embeddable":true,"href":"https:\/\/vagas.portalemprego.com.br\/index.php?rest_route=%2Fwp%2Fv2%2Fcomments&post=1653"}],"version-history":[{"count":0,"href":"https:\/\/vagas.portalemprego.com.br\/index.php?rest_route=\/wp\/v2\/posts\/1653\/revisions"}],"wp:attachment":[{"href":"https:\/\/vagas.portalemprego.com.br\/index.php?rest_route=%2Fwp%2Fv2%2Fmedia&parent=1653"}],"wp:term":[{"taxonomy":"category","embeddable":true,"href":"https:\/\/vagas.portalemprego.com.br\/index.php?rest_route=%2Fwp%2Fv2%2Fcategories&post=1653"},{"taxonomy":"post_tag","embeddable":true,"href":"https:\/\/vagas.portalemprego.com.br\/index.php?rest_route=%2Fwp%2Fv2%2Ftags&post=1653"}],"curies":[{"name":"wp","href":"https:\/\/api.w.org\/{rel}","templated":true}]}}