{"id":1659,"date":"2026-04-29T06:13:13","date_gmt":"2026-04-29T09:13:13","guid":{"rendered":"https:\/\/vagas.portalemprego.com.br\/?p=1659"},"modified":"2026-04-29T06:13:13","modified_gmt":"2026-04-29T09:13:13","slug":"auxiliar-de-almoxarifado-pcd-hotelaria-turismo-rio-de-janeiro","status":"publish","type":"post","link":"https:\/\/vagas.portalemprego.com.br\/?p=1659","title":{"rendered":"Auxiliar de Almoxarifado (PCD) &#8211; Hotelaria, Turismo &#8211; Rio de Janeiro"},"content":{"rendered":"<p>Plaza Premium Group &#8211; Juntos, tornamos as viagens melhores ??<br \/>\nL\u00edder global em experi\u00eancias integradas de hospitalidade em aeroportos, a Plaza Premium Group \u00e9 pioneira no setor, tendo inaugurado o primeiro lounge independente do mundo em 1998.<br \/>\n Atualmente, operamos a maior rede global de lounges aeroportu\u00e1rios, oferecendo servi\u00e7os premiados e solu\u00e7\u00f5es completas de atendimento ao passageiro, proporcionando conforto, conveni\u00eancia e seguran\u00e7a em cada jornada.<br \/>\nResponsabilidades<br \/>\nRealizar o carregamento e transporte de cargas, garantindo a integridade dos produtos;<br \/>\nAuxiliar na organiza\u00e7\u00e3o e controle de estoques, contribuindo para a efici\u00eancia operacional;<br \/>\nMovimentar produtos, m\u00f3veis e equipamentos dentro do aeroporto, assegurando a correta aloca\u00e7\u00e3o;<br \/>\nRealizar a coleta e destina\u00e7\u00e3o adequada de res\u00edduos, mantendo o ambiente limpo e organizado;<br \/>\nApoiar nas atividades de carga e descarga junto aos fornecedores;<br \/>\nEfetuar o abastecimento dos lounges, garantindo organiza\u00e7\u00e3o e disponibilidade dos itens;<br \/>\nColaborar na organiza\u00e7\u00e3o e categoriza\u00e7\u00e3o dos produtos em estoque.<br \/>\nRequisitos<br \/>\nEnsino m\u00e9dio;<br \/>\nExperi\u00eancia pr\u00e9via em log\u00edstica ou \u00e1reas correlatas ser\u00e1 um diferencial;<br \/>\nBoa comunica\u00e7\u00e3o, pro atividade, responsabilidade e comprometimento;<br \/>\nDisponibilidade para apoiar em atividades adicionais conforme necessidade.<br \/>\nBenef\u00edcios<br \/>\nVale Transporte ou aux\u00edlio combust\u00edvel;<br \/>\nVale Refei\u00e7\u00e3o (R$ 40,00\/dia);<br \/>\nVale Alimenta\u00e7\u00e3o (R$ 400,00\/m\u00eas);<br \/>\nPlano de sa\u00fade e odontol\u00f3gico;<br \/>\nSeguro de vida;<br \/>\nFolga no dia do anivers\u00e1rio ??<br \/>\nConv\u00eanio Sesc;<br \/>\nWellhub (Gympass);<br \/>\nPluxee Cuida;<br \/>\nPlano de carreira.<br \/>\nInforma\u00e7\u00f5es adicionais<br \/>\nModelo de contrata\u00e7\u00e3o: CLT<br \/>\nEscala: 6&#215;1<br \/>\nHor\u00e1rio: 15h00 \u00e0s 23h10<\/p>\n<ul>\n<li>Local de trabalho: Rio de Janeiro, RJ<\/li>\n<li>Regime de contrata\u00e7\u00e3o de tipo: Efetivo \u2013 CLT<\/li>\n<li>Jornada: Per\u00edodo Integral<\/li>\n<li>\u00c1rea e especializa\u00e7\u00e3o profissional: Hotelaria, Turismo &#8211; Hotelaria<\/li>\n<li>N\u00edvel hier\u00e1rquico: Auxiliar<\/li>\n<\/ul>\n<p>VALORIZADO<\/p>\n<p>Tempo de experi\u00eancia: Entre 1 e 3 anos<\/p>\n<p>Escolaridade M\u00ednima: Ensino M\u00e9dio (2\u00ba Grau)<\/p>\n","protected":false},"excerpt":{"rendered":"<p>Plaza Premium Group &#8211; Juntos, tornamos as viagens melhores ?? L\u00edder global em experi\u00eancias integradas de hospitalidade em aeroportos, a Plaza Premium Group \u00e9 pioneira no setor, tendo inaugurado o primeiro lounge independente do mundo em 1998. Atualmente, operamos a maior rede global de lounges aeroportu\u00e1rios, oferecendo servi\u00e7os premiados e solu\u00e7\u00f5es completas de atendimento ao [&hellip;]<\/p>\n","protected":false},"author":1,"featured_media":0,"comment_status":"open","ping_status":"open","sticky":false,"template":"","format":"standard","meta":{"footnotes":""},"categories":[21],"tags":[],"class_list":["post-1659","post","type-post","status-publish","format-standard","hentry","category-rio-de-janeiro-rj"],"_links":{"self":[{"href":"https:\/\/vagas.portalemprego.com.br\/index.php?rest_route=\/wp\/v2\/posts\/1659","targetHints":{"allow":["GET"]}}],"collection":[{"href":"https:\/\/vagas.portalemprego.com.br\/index.php?rest_route=\/wp\/v2\/posts"}],"about":[{"href":"https:\/\/vagas.portalemprego.com.br\/index.php?rest_route=\/wp\/v2\/types\/post"}],"author":[{"embeddable":true,"href":"https:\/\/vagas.portalemprego.com.br\/index.php?rest_route=\/wp\/v2\/users\/1"}],"replies":[{"embeddable":true,"href":"https:\/\/vagas.portalemprego.com.br\/index.php?rest_route=%2Fwp%2Fv2%2Fcomments&post=1659"}],"version-history":[{"count":0,"href":"https:\/\/vagas.portalemprego.com.br\/index.php?rest_route=\/wp\/v2\/posts\/1659\/revisions"}],"wp:attachment":[{"href":"https:\/\/vagas.portalemprego.com.br\/index.php?rest_route=%2Fwp%2Fv2%2Fmedia&parent=1659"}],"wp:term":[{"taxonomy":"category","embeddable":true,"href":"https:\/\/vagas.portalemprego.com.br\/index.php?rest_route=%2Fwp%2Fv2%2Fcategories&post=1659"},{"taxonomy":"post_tag","embeddable":true,"href":"https:\/\/vagas.portalemprego.com.br\/index.php?rest_route=%2Fwp%2Fv2%2Ftags&post=1659"}],"curies":[{"name":"wp","href":"https:\/\/api.w.org\/{rel}","templated":true}]}}