{"id":1660,"date":"2026-04-29T06:13:13","date_gmt":"2026-04-29T09:13:13","guid":{"rendered":"https:\/\/vagas.portalemprego.com.br\/?p=1660"},"modified":"2026-04-29T06:13:13","modified_gmt":"2026-04-29T09:13:13","slug":"enfermeira-rj-exclusiva-para-pessoas-com-deficiencia-e-reabilitados-do-inss-pcd-saude-rio-de-janeiro","status":"publish","type":"post","link":"https:\/\/vagas.portalemprego.com.br\/?p=1660","title":{"rendered":"Enfermeira &#8211; RJ &#8211; Exclusiva para Pessoas com Defici\u00eancia e Reabilitados do INSS (PCD) &#8211; Sa\u00fade &#8211; Rio de Janeiro"},"content":{"rendered":"<p>Vaga Exclusiva para Pessoas com Defici\u00eancia e Reabilitados do INSS<br \/>\nBuscamos por uma Enfermeira para integrar o time de Consultoras Externas, respons\u00e1vel pela regi\u00e3o de Rio de Janeiro e munic\u00edpios vizinhos (raio de 200km) &#8211; essa pessoa realizar\u00e1 o atendimento assistencial \u00e0 pacientes em hospitais, cl\u00ednicas e domic\u00edlios, al\u00e9m de capacitar profissionais de sa\u00fade e apoiar nas estrat\u00e9gias comerciais na sua regional.<br \/>\nPrincipais atividades:<br \/>\nRealizar visitas para atendimento assistencial \u00e0 pessoas estomizadas;<br \/>\nVisitar \u00e0 cl\u00ednicas, hospitais e institui\u00e7\u00f5es de sa\u00fade para capacita\u00e7\u00e3o, orienta\u00e7\u00f5es e treinamentos t\u00e9cnicos;<br \/>\nAuxiliar na constru\u00e7\u00e3o dos planos t\u00e1ticos regionais atrav\u00e9s do seu conhecimento sobre as necessidades de cada cliente\/paciente, priorizando as necessidades destes;<br \/>\nGerar demanda em seu territ\u00f3rio por meio de a\u00e7\u00f5es educacionais e consultivas;<br \/>\nInfluenciar as institui\u00e7\u00f5es e profissionais t\u00e9cnicos no processo de decis\u00e3o de compra e contribuir ativamente para o crescimento da unidade de neg\u00f3cios, conectando as necessidades do paciente com as solu\u00e7\u00f5es da empresa;<br \/>\nAtualizar as ferramentas da empresa como formul\u00e1rios e sistemas operacionais.<br \/>\nRequisitos:<br \/>\nGradua\u00e7\u00e3o completa em enfermagem;<br \/>\nEspecializa\u00e7\u00e3o em estomaterapia ou dermatologia (Diferencial);<br \/>\nConhecimentos no Pacote Office (Excel, Word, PowerPoint);<br \/>\nCNH (Carteira Nacional de Habilita\u00e7\u00e3o) categoria B;<br \/>\nDisponibilidade para viagens frequentes (com pernoite).<\/p>\n<ul>\n<li>Local de trabalho: Rio de Janeiro, RJ<\/li>\n<li>Regime de contrata\u00e7\u00e3o de tipo: Efetivo \u2013 CLT<\/li>\n<li>Jornada: Per\u00edodo Integral<\/li>\n<li>\u00c1rea e especializa\u00e7\u00e3o profissional: Sa\u00fade &#8211; Enfermagem<\/li>\n<li>N\u00edvel hier\u00e1rquico: Analista<\/li>\n<\/ul>\n<p>VALORIZADO<\/p>\n<p>Tempo de experi\u00eancia: Entre 5 e 10 anos<\/p>\n<p>Escolaridade M\u00ednima: Ensino Superior<\/p>\n<p>Habilita\u00e7\u00e3o para dirigir: B<\/p>\n<p>Disponibilidade para viajar<\/p>\n<ul>\n<li>Assist\u00eancia m\u00e9dica<\/li>\n<li>Assist\u00eancia odontol\u00f3gica<\/li>\n<li>Previd\u00eancia Privada<\/li>\n<li>Vale-refei\u00e7\u00e3o<\/li>\n<li>Vale-alimenta\u00e7\u00e3o<\/li>\n<li>Day off &#8211; anivers\u00e1rio<\/li>\n<li>Comiss\u00e3o Vari\u00e1vel<\/li>\n<li>B\u00f4nus por resultado<\/li>\n<li>Seguro de Vida<\/li>\n<li>Ve\u00edculo de empresa<\/li>\n<li>Aux\u00edlio combust\u00edvel<\/li>\n<li>Aux\u00edlio creche<\/li>\n<\/ul>\n<p>Sal\u00e1rio: 7000,0<\/p>\n","protected":false},"excerpt":{"rendered":"<p>Vaga Exclusiva para Pessoas com Defici\u00eancia e Reabilitados do INSS Buscamos por uma Enfermeira para integrar o time de Consultoras Externas, respons\u00e1vel pela regi\u00e3o de Rio de Janeiro e munic\u00edpios vizinhos (raio de 200km) &#8211; essa pessoa realizar\u00e1 o atendimento assistencial \u00e0 pacientes em hospitais, cl\u00ednicas e domic\u00edlios, al\u00e9m de capacitar profissionais de sa\u00fade e [&hellip;]<\/p>\n","protected":false},"author":1,"featured_media":0,"comment_status":"open","ping_status":"open","sticky":false,"template":"","format":"standard","meta":{"footnotes":""},"categories":[21],"tags":[],"class_list":["post-1660","post","type-post","status-publish","format-standard","hentry","category-rio-de-janeiro-rj"],"_links":{"self":[{"href":"https:\/\/vagas.portalemprego.com.br\/index.php?rest_route=\/wp\/v2\/posts\/1660","targetHints":{"allow":["GET"]}}],"collection":[{"href":"https:\/\/vagas.portalemprego.com.br\/index.php?rest_route=\/wp\/v2\/posts"}],"about":[{"href":"https:\/\/vagas.portalemprego.com.br\/index.php?rest_route=\/wp\/v2\/types\/post"}],"author":[{"embeddable":true,"href":"https:\/\/vagas.portalemprego.com.br\/index.php?rest_route=\/wp\/v2\/users\/1"}],"replies":[{"embeddable":true,"href":"https:\/\/vagas.portalemprego.com.br\/index.php?rest_route=%2Fwp%2Fv2%2Fcomments&post=1660"}],"version-history":[{"count":0,"href":"https:\/\/vagas.portalemprego.com.br\/index.php?rest_route=\/wp\/v2\/posts\/1660\/revisions"}],"wp:attachment":[{"href":"https:\/\/vagas.portalemprego.com.br\/index.php?rest_route=%2Fwp%2Fv2%2Fmedia&parent=1660"}],"wp:term":[{"taxonomy":"category","embeddable":true,"href":"https:\/\/vagas.portalemprego.com.br\/index.php?rest_route=%2Fwp%2Fv2%2Fcategories&post=1660"},{"taxonomy":"post_tag","embeddable":true,"href":"https:\/\/vagas.portalemprego.com.br\/index.php?rest_route=%2Fwp%2Fv2%2Ftags&post=1660"}],"curies":[{"name":"wp","href":"https:\/\/api.w.org\/{rel}","templated":true}]}}