{"id":1665,"date":"2026-04-29T06:13:13","date_gmt":"2026-04-29T09:13:13","guid":{"rendered":"https:\/\/vagas.portalemprego.com.br\/?p=1665"},"modified":"2026-04-29T06:13:13","modified_gmt":"2026-04-29T09:13:13","slug":"front-comercial-1067-comercial-vendas-rio-de-janeiro","status":"publish","type":"post","link":"https:\/\/vagas.portalemprego.com.br\/?p=1665","title":{"rendered":"Front Comercial #1067 &#8211; Comercial, Vendas &#8211; Rio de Janeiro"},"content":{"rendered":"<p>Responsabilidades:<br \/>\nProspectar e desenvolver novos neg\u00f3cios com clientes e parceiros;<br \/>\nPlanejar e agendar reuni\u00f5es comerciais com empresas em potencial para migra\u00e7\u00e3o ao mercado livre ou que j\u00e1 estejam nesse ambiente;<br \/>\nRealizar apresenta\u00e7\u00f5es t\u00e9cnicas e comerciais;<br \/>\nRealizar propostas comerciais;<br \/>\nConduzir negocia\u00e7\u00f5es comerciais a fim de efetivar a venda;<br \/>\nOrganizar e manter atualizada as ferramentas e controles da empresa, tais como CRM, entre outros;<br \/>\nAtendimento ativo dos clientes fechados<br \/>\nRequisitos:\u00a0<br \/>\nS\u00f3lida experi\u00eancia no mercado livre de energia;<br \/>\nDisponibilidade para viagens.<\/p>\n<p>Benef\u00edcios<br \/>\nAssist\u00eancia m\u00e9dica<br \/>\nAssist\u00eancia odontol\u00f3gica<br \/>\nAuxilio educa\u00e7\u00e3o<br \/>\nBonifica\u00e7\u00e3o<br \/>\nHor\u00e1rio flex\u00edvel<br \/>\nComiss\u00e3o<br \/>\nVale alimenta\u00e7\u00e3o<br \/>\nLocaliza\u00e7\u00e3o<br \/>\nAvenida Lu\u00eds Viana Filho<\/p>\n<ul>\n<li>Local de trabalho: Rio de Janeiro, RJ<\/li>\n<li>Regime de contrata\u00e7\u00e3o de tipo: Prestador de Servi\u00e7os (PJ)<\/li>\n<li>Jornada: Per\u00edodo Integral<\/li>\n<li>\u00c1rea e especializa\u00e7\u00e3o profissional: Comercial, Vendas &#8211; Venda T\u00e9cnica<\/li>\n<li>N\u00edvel hier\u00e1rquico: Consultor<\/li>\n<\/ul>\n<p>VALORIZADO<\/p>\n<p>Tempo de experi\u00eancia: Entre 3 e 5 anos<\/p>\n<p>Escolaridade M\u00ednima: Ensino Superior<\/p>\n<p>Sal\u00e1rio: 13000,0<\/p>\n","protected":false},"excerpt":{"rendered":"<p>Responsabilidades: Prospectar e desenvolver novos neg\u00f3cios com clientes e parceiros; Planejar e agendar reuni\u00f5es comerciais com empresas em potencial para migra\u00e7\u00e3o ao mercado livre ou que j\u00e1 estejam nesse ambiente; Realizar apresenta\u00e7\u00f5es t\u00e9cnicas e comerciais; Realizar propostas comerciais; Conduzir negocia\u00e7\u00f5es comerciais a fim de efetivar a venda; Organizar e manter atualizada as ferramentas e controles [&hellip;]<\/p>\n","protected":false},"author":1,"featured_media":0,"comment_status":"open","ping_status":"open","sticky":false,"template":"","format":"standard","meta":{"footnotes":""},"categories":[21],"tags":[],"class_list":["post-1665","post","type-post","status-publish","format-standard","hentry","category-rio-de-janeiro-rj"],"_links":{"self":[{"href":"https:\/\/vagas.portalemprego.com.br\/index.php?rest_route=\/wp\/v2\/posts\/1665","targetHints":{"allow":["GET"]}}],"collection":[{"href":"https:\/\/vagas.portalemprego.com.br\/index.php?rest_route=\/wp\/v2\/posts"}],"about":[{"href":"https:\/\/vagas.portalemprego.com.br\/index.php?rest_route=\/wp\/v2\/types\/post"}],"author":[{"embeddable":true,"href":"https:\/\/vagas.portalemprego.com.br\/index.php?rest_route=\/wp\/v2\/users\/1"}],"replies":[{"embeddable":true,"href":"https:\/\/vagas.portalemprego.com.br\/index.php?rest_route=%2Fwp%2Fv2%2Fcomments&post=1665"}],"version-history":[{"count":0,"href":"https:\/\/vagas.portalemprego.com.br\/index.php?rest_route=\/wp\/v2\/posts\/1665\/revisions"}],"wp:attachment":[{"href":"https:\/\/vagas.portalemprego.com.br\/index.php?rest_route=%2Fwp%2Fv2%2Fmedia&parent=1665"}],"wp:term":[{"taxonomy":"category","embeddable":true,"href":"https:\/\/vagas.portalemprego.com.br\/index.php?rest_route=%2Fwp%2Fv2%2Fcategories&post=1665"},{"taxonomy":"post_tag","embeddable":true,"href":"https:\/\/vagas.portalemprego.com.br\/index.php?rest_route=%2Fwp%2Fv2%2Ftags&post=1665"}],"curies":[{"name":"wp","href":"https:\/\/api.w.org\/{rel}","templated":true}]}}