{"id":1668,"date":"2026-04-29T06:13:13","date_gmt":"2026-04-29T09:13:13","guid":{"rendered":"https:\/\/vagas.portalemprego.com.br\/?p=1668"},"modified":"2026-04-29T06:13:13","modified_gmt":"2026-04-29T09:13:13","slug":"analista-de-gestao-de-estoque-logistica-rio-de-janeiro","status":"publish","type":"post","link":"https:\/\/vagas.portalemprego.com.br\/?p=1668","title":{"rendered":"Analista de Gest\u00e3o de Estoque &#8211; Log\u00edstica &#8211; Rio de Janeiro"},"content":{"rendered":"<p>Empresa que atua no segmento de distribui\u00e7\u00e3o, oferecendo solu\u00e7\u00f5es completas em abastecimento e log\u00edstica para diversos clientes. Nosso compromisso \u00e9 entregar efici\u00eancia, qualidade e confiabilidade em cada opera\u00e7\u00e3o, contribuindo para que nossos parceiros tenham seguran\u00e7a e agilidade em seus neg\u00f3cios.<br \/>\nCom uma equipe dedicada e em constante crescimento, buscamos profissionais que queiram fazer parte dessa jornada, contribuindo com organiza\u00e7\u00e3o, planejamento e vis\u00e3o estrat\u00e9gica. Valorizamos um ambiente colaborativo, din\u00e2mico e orientado a resultados, incentivando o desenvolvimento profissional e a melhoria cont\u00ednua de nossos colaboradores. Aqui, voc\u00ea ter\u00e1 a oportunidade de atuar de forma estrat\u00e9gica, contribuindo diretamente para a efici\u00eancia e o crescimento do neg\u00f3cio.<br \/>\n?? Principais responsabilidades:<br \/>\nControlar e monitorar os n\u00edveis de estoque, evitando faltas e excessos de produtos<br \/>\nPlanejar e acompanhar a reposi\u00e7\u00e3o conforme demanda e giro de mercadorias<br \/>\nRealizar invent\u00e1rios peri\u00f3dicos e garantir a acuracidade do estoque<br \/>\nAnalisar indicadores (KPIs) como giro, cobertura, rupturas e custos<br \/>\nOrganizar o estoque, incluindo armazenagem, endere\u00e7amento e controle de validade<br \/>\nConferir entradas e sa\u00eddas de mercadorias, garantindo registros corretos no sistema Identificar perdas, avarias e propor melhorias nos processos<br \/>\nOperar sistemas (ERP\/WMS) e gerar relat\u00f3rios gerenciais<br \/>\nAtuar em conjunto com compras, log\u00edstica, financeiro e vendas<\/p>\n<ul>\n<li>Local de trabalho: Rio de Janeiro, RJ<\/li>\n<li>Regime de contrata\u00e7\u00e3o de tipo: Efetivo \u2013 CLT<\/li>\n<li>Jornada: Per\u00edodo Integral<\/li>\n<li>\u00c1rea e especializa\u00e7\u00e3o profissional: Log\u00edstica &#8211; Estoque, Armazenagem, Dep\u00f3sito<\/li>\n<li>N\u00edvel hier\u00e1rquico: Analista<\/li>\n<\/ul>\n<p>VALORIZADO<\/p>\n<p>Tempo de experi\u00eancia: Entre 1 e 3 anos<\/p>\n<p>HABILIDADES<\/p>\n<ul>\n<li>Confiabilidade<\/li>\n<li>Qualidade<\/li>\n<li>Efici\u00eancia<\/li>\n<li>Compromisso<\/li>\n<li>Log\u00edstica<\/li>\n<li>Viv\u00eancia com indicadores de performance (KPIs)<\/li>\n<li>Experi\u00eancia em estoque\/log\u00edstica<\/li>\n<li>Capacidade de planejamento e controle<\/li>\n<li>Conhecimento em Excel e sistemas de gest\u00e3o (ERP\/WMS)<\/li>\n<li>Distribui\u00e7\u00e3o<\/li>\n<\/ul>\n<p>Escolaridade M\u00ednima: Ensino M\u00e9dio (2\u00ba Grau)<\/p>\n<p>Forma\u00e7\u00e3o desejada:<\/p>\n<ul>\n<li>Log\u00edstica, Ensino Superior<\/li>\n<li>Administra\u00e7\u00e3o de empresas, Ensino Superior<\/li>\n<\/ul>\n<ul>\n<li>Vale Alimenta\u00e7\u00e3o: 18,00 ao dia trabalhado<\/li>\n<li>Plano de Sa\u00fade (Amil) \u2013 ap\u00f3s per\u00edodo de experi\u00eancia<\/li>\n<li>Vale Transporte (Bilhete \u00danico) ou aux\u00edlio combust\u00edvel<\/li>\n<\/ul>\n<p>Sal\u00e1rio: 3000,0<\/p>\n","protected":false},"excerpt":{"rendered":"<p>Empresa que atua no segmento de distribui\u00e7\u00e3o, oferecendo solu\u00e7\u00f5es completas em abastecimento e log\u00edstica para diversos clientes. Nosso compromisso \u00e9 entregar efici\u00eancia, qualidade e confiabilidade em cada opera\u00e7\u00e3o, contribuindo para que nossos parceiros tenham seguran\u00e7a e agilidade em seus neg\u00f3cios. Com uma equipe dedicada e em constante crescimento, buscamos profissionais que queiram fazer parte dessa [&hellip;]<\/p>\n","protected":false},"author":1,"featured_media":0,"comment_status":"open","ping_status":"open","sticky":false,"template":"","format":"standard","meta":{"footnotes":""},"categories":[21],"tags":[],"class_list":["post-1668","post","type-post","status-publish","format-standard","hentry","category-rio-de-janeiro-rj"],"_links":{"self":[{"href":"https:\/\/vagas.portalemprego.com.br\/index.php?rest_route=\/wp\/v2\/posts\/1668","targetHints":{"allow":["GET"]}}],"collection":[{"href":"https:\/\/vagas.portalemprego.com.br\/index.php?rest_route=\/wp\/v2\/posts"}],"about":[{"href":"https:\/\/vagas.portalemprego.com.br\/index.php?rest_route=\/wp\/v2\/types\/post"}],"author":[{"embeddable":true,"href":"https:\/\/vagas.portalemprego.com.br\/index.php?rest_route=\/wp\/v2\/users\/1"}],"replies":[{"embeddable":true,"href":"https:\/\/vagas.portalemprego.com.br\/index.php?rest_route=%2Fwp%2Fv2%2Fcomments&post=1668"}],"version-history":[{"count":0,"href":"https:\/\/vagas.portalemprego.com.br\/index.php?rest_route=\/wp\/v2\/posts\/1668\/revisions"}],"wp:attachment":[{"href":"https:\/\/vagas.portalemprego.com.br\/index.php?rest_route=%2Fwp%2Fv2%2Fmedia&parent=1668"}],"wp:term":[{"taxonomy":"category","embeddable":true,"href":"https:\/\/vagas.portalemprego.com.br\/index.php?rest_route=%2Fwp%2Fv2%2Fcategories&post=1668"},{"taxonomy":"post_tag","embeddable":true,"href":"https:\/\/vagas.portalemprego.com.br\/index.php?rest_route=%2Fwp%2Fv2%2Ftags&post=1668"}],"curies":[{"name":"wp","href":"https:\/\/api.w.org\/{rel}","templated":true}]}}