{"id":1671,"date":"2026-04-29T06:13:13","date_gmt":"2026-04-29T09:13:13","guid":{"rendered":"https:\/\/vagas.portalemprego.com.br\/?p=1671"},"modified":"2026-04-29T06:13:13","modified_gmt":"2026-04-29T09:13:13","slug":"analista-administrativo-administracao-rio-de-janeiro","status":"publish","type":"post","link":"https:\/\/vagas.portalemprego.com.br\/?p=1671","title":{"rendered":"Analista Administrativo &#8211; Administra\u00e7\u00e3o &#8211; Rio de Janeiro"},"content":{"rendered":"<p>O Grupo Seres seleciona profissional para a posi\u00e7\u00e3o de Analista Administrativo, atuando no acompanhamento de contratos, garantindo alinhamento entre \u00e1reas t\u00e9cnicas, cliente e opera\u00e7\u00e3o, com foco em qualidade, prazos e resultados financeiros.<br \/>\nDescri\u00e7\u00e3o das atividades:<br \/>\nGarantir a integra\u00e7\u00e3o entre as \u00e1reas envolvidas na opera\u00e7\u00e3o e o alinhamento com o playbook do cliente;<br \/>\nAcompanhar a execu\u00e7\u00e3o das fases do contrato e apoiar na resolu\u00e7\u00e3o de problemas operacionais;<br \/>\nCadastrar e atualizar informa\u00e7\u00f5es contratuais em sistemas internos;<br \/>\nRealizar follow-up com \u00e1reas t\u00e9cnicas sobre demandas e pend\u00eancias que impactem entregas;<br \/>\nAnalisar regras contratuais e garantir insumos e recursos necess\u00e1rios \u00e0 opera\u00e7\u00e3o;<br \/>\nConsolidar d\u00favidas t\u00e9cnicas e apoiar reuni\u00f5es de levantamento de requisitos com clientes;<br \/>\nParticipar de reuni\u00f5es com clientes e \u00e1reas internas, elaborando atas;<br \/>\nLiderar auditorias fiscais e apoiar conformidade contratual;<br \/>\nAcompanhar solicita\u00e7\u00f5es de compras e controle de documentos obrigat\u00f3rios;<br \/>\nMonitorar desempenho de parceiros operacionais (qualidade e entregas);<br \/>\nAcompanhar pend\u00eancias de pagamento e apoiar a\u00e7\u00f5es de cobran\u00e7a;<br \/>\nAvaliar impactos de mudan\u00e7as solicitadas pelo cliente e apoiar renegocia\u00e7\u00f5es contratuais.<br \/>\n\u00a0Requisitos:<br \/>\nEnsino superior completo ou cursando (Administra\u00e7\u00e3o, Engenharia, Gest\u00e3o de Processos ou \u00e1reas correlatas);<br \/>\nExperi\u00eancia em gest\u00e3o de contratos, opera\u00e7\u00f5es ou \u00e1reas administrativas;<br \/>\nConhecimento intermedi\u00e1rio em Excel e sistemas de gest\u00e3o;<br \/>\nBoa comunica\u00e7\u00e3o oral e escrita;<br \/>\nCapacidade de an\u00e1lise e organiza\u00e7\u00e3o de informa\u00e7\u00f5es.<br \/>\nCompet\u00eancias desejadas:<br \/>\nVis\u00e3o anal\u00edtica e orienta\u00e7\u00e3o a resultados;<br \/>\nOrganiza\u00e7\u00e3o e aten\u00e7\u00e3o aos detalhes;<br \/>\nProatividade e senso de urg\u00eancia;<br \/>\nBoa capacidade de relacionamento interpessoal e comunica\u00e7\u00e3o entre \u00e1reas.<br \/>\nBenef\u00edcios<br \/>\nPlano de Saude<br \/>\nPlano Odontologico<br \/>\nSeguro de vida<br \/>\nVale Refei\u00e7\u00e3o R$37,19\/ dia<br \/>\nVale Transporte<br \/>\nTOTAL PASS<br \/>\nSESC<\/p>\n<ul>\n<li>Local de trabalho: Rio de Janeiro, RJ<\/li>\n<li>Regime de contrata\u00e7\u00e3o de tipo: Efetivo \u2013 CLT<\/li>\n<li>Jornada: Per\u00edodo Integral<\/li>\n<li>\u00c1rea e especializa\u00e7\u00e3o profissional: Administra\u00e7\u00e3o &#8211; Administra\u00e7\u00e3o Geral<\/li>\n<li>N\u00edvel hier\u00e1rquico: Analista<\/li>\n<\/ul>\n<p>Escolaridade M\u00ednima: Ensino Superior<\/p>\n","protected":false},"excerpt":{"rendered":"<p>O Grupo Seres seleciona profissional para a posi\u00e7\u00e3o de Analista Administrativo, atuando no acompanhamento de contratos, garantindo alinhamento entre \u00e1reas t\u00e9cnicas, cliente e opera\u00e7\u00e3o, com foco em qualidade, prazos e resultados financeiros. Descri\u00e7\u00e3o das atividades: Garantir a integra\u00e7\u00e3o entre as \u00e1reas envolvidas na opera\u00e7\u00e3o e o alinhamento com o playbook do cliente; Acompanhar a execu\u00e7\u00e3o [&hellip;]<\/p>\n","protected":false},"author":1,"featured_media":0,"comment_status":"open","ping_status":"open","sticky":false,"template":"","format":"standard","meta":{"footnotes":""},"categories":[21],"tags":[],"class_list":["post-1671","post","type-post","status-publish","format-standard","hentry","category-rio-de-janeiro-rj"],"_links":{"self":[{"href":"https:\/\/vagas.portalemprego.com.br\/index.php?rest_route=\/wp\/v2\/posts\/1671","targetHints":{"allow":["GET"]}}],"collection":[{"href":"https:\/\/vagas.portalemprego.com.br\/index.php?rest_route=\/wp\/v2\/posts"}],"about":[{"href":"https:\/\/vagas.portalemprego.com.br\/index.php?rest_route=\/wp\/v2\/types\/post"}],"author":[{"embeddable":true,"href":"https:\/\/vagas.portalemprego.com.br\/index.php?rest_route=\/wp\/v2\/users\/1"}],"replies":[{"embeddable":true,"href":"https:\/\/vagas.portalemprego.com.br\/index.php?rest_route=%2Fwp%2Fv2%2Fcomments&post=1671"}],"version-history":[{"count":0,"href":"https:\/\/vagas.portalemprego.com.br\/index.php?rest_route=\/wp\/v2\/posts\/1671\/revisions"}],"wp:attachment":[{"href":"https:\/\/vagas.portalemprego.com.br\/index.php?rest_route=%2Fwp%2Fv2%2Fmedia&parent=1671"}],"wp:term":[{"taxonomy":"category","embeddable":true,"href":"https:\/\/vagas.portalemprego.com.br\/index.php?rest_route=%2Fwp%2Fv2%2Fcategories&post=1671"},{"taxonomy":"post_tag","embeddable":true,"href":"https:\/\/vagas.portalemprego.com.br\/index.php?rest_route=%2Fwp%2Fv2%2Ftags&post=1671"}],"curies":[{"name":"wp","href":"https:\/\/api.w.org\/{rel}","templated":true}]}}