{"id":1674,"date":"2026-04-29T06:13:13","date_gmt":"2026-04-29T09:13:13","guid":{"rendered":"https:\/\/vagas.portalemprego.com.br\/?p=1674"},"modified":"2026-04-29T06:13:13","modified_gmt":"2026-04-29T09:13:13","slug":"enfermeiro-de-educacao-continuada-saude-rio-de-janeiro","status":"publish","type":"post","link":"https:\/\/vagas.portalemprego.com.br\/?p=1674","title":{"rendered":"Enfermeiro de Educa\u00e7\u00e3o Continuada &#8211; Sa\u00fade &#8211; Rio de Janeiro"},"content":{"rendered":"<p>Oportunidade\u00a0para\u00a0Enfermeiro\u00a0de\u00a0Educa\u00e7\u00e3o\u00a0Continuada\u00a0na\u00a0REDE\u00a0SANTA\u00a0CATARINA\u00a0\u2013\u00a0Casa\u00a0de\u00a0Sa\u00fade\u00a0S\u00e3o\u00a0Jos\u00e9.<br \/>\nEstamos\u00a0em\u00a0busca\u00a0de\u00a0um\u00a0profissional\u00a0comprometido\u00a0e\u00a0dedicado\u00a0para\u00a0o\u00a0cargo\u00a0de\u00a0Enfermeiro\u00a0Educador.\u00a0<br \/>\nO profissional ser\u00e1 respons\u00e1vel por contribuir com o desenvolvimento cont\u00ednuo dos colaboradores da \u00e1rea de enfermagem, promovendo melhorias e atualiza\u00e7\u00f5es nas pr\u00e1ticas cl\u00ednicas.<br \/>\nFun\u00e7\u00f5es:<br \/>\nGerenciar programas de educa\u00e7\u00e3o continuada para equipes de enfermagem e demais colaboradores;<br \/>\nCoordenar workshops e treinamentos t\u00e9cnicos;<br \/>\nAcompanhar a implementa\u00e7\u00e3o de novas diretrizes cl\u00ednicas;<br \/>\nColaborar com a equipe para a melhoria cont\u00ednua dos processos;<br \/>\nRegistrar dados\u00a0e indicadores assistenciais e de treinamentos, conforme os padr\u00f5es da JCI<br \/>\nComo\u00a0Enfermeiro\u00a0Educador,\u00a0voc\u00ea\u00a0ser\u00e1\u00a0respons\u00e1vel\u00a0por\u00a0desenvolver\u00a0e\u00a0implementar\u00a0programas\u00a0de\u00a0educa\u00e7\u00e3o\u00a0e\u00a0treinamento\u00a0para\u00a0equipes\u00a0de\u00a0enfermagem;<br \/>\nGarantir\u00a0que\u00a0os\u00a0profissionais\u00a0estejam\u00a0atualizados\u00a0com\u00a0as\u00a0melhores\u00a0pr\u00e1ticas\u00a0e\u00a0protocolos\u00a0de\u00a0enfermagem,\u00a0promovendo\u00a0assim\u00a0a\u00a0melhoria\u00a0cont\u00ednua\u00a0da\u00a0qualidade\u00a0dos\u00a0cuidados\u00a0prestados\u00a0aos\u00a0pacientes.<br \/>\nRequisitos:<br \/>\nSuperior completo em Enfermagem &#8211; COREN ativo;<br \/>\nEspecializa\u00e7\u00e3o\u00a0completa\u00a0na \u00e1rea de educa\u00e7\u00e3o &#8211; (Se tiver mestrado, ser\u00e1 diferencial);<br \/>\nS\u00f3lida viv\u00eancia como Enfermeiro Educador em ambiente hospitalar;<br \/>\nConhecimento em normas e diretrizes de sa\u00fade;<br \/>\nCapacidade de planejar e executar treinamentos;<br \/>\nHabilidade em comunica\u00e7\u00e3o e trabalho em equipe;<br \/>\nExcel n\u00edvel intermedi\u00e1rio a avan\u00e7ado;<br \/>\nOportunidade \u00e9 100% presencial.<br \/>\nSe voc\u00ea est\u00e1 procurando um desafio que combine sua paix\u00e3o pela educa\u00e7\u00e3o e pela enfermagem, esta \u00e9 uma oportunidade que n\u00e3o pode deixar passar.<br \/>\nVenha\u00a0fazer\u00a0parte\u00a0de\u00a0uma\u00a0equipe\u00a0que\u00a0se\u00a0orgulha\u00a0de\u00a0ser\u00a0refer\u00eancia\u00a0em\u00a0cuidados\u00a0de\u00a0sa\u00fade.<\/p>\n<p>A CASA DE SA\u00daDE S\u00c3O JOS\u00c9 &#8211;  espera por profissionais como voc\u00ea para continuar a nossa miss\u00e3o de transformar vidas atrav\u00e9s de cuidados de excel\u00eancia.<\/p>\n<ul>\n<li>Local de trabalho: Rio de Janeiro, RJ<\/li>\n<li>Regime de contrata\u00e7\u00e3o de tipo: Efetivo \u2013 CLT<\/li>\n<li>Jornada: Per\u00edodo Integral<\/li>\n<li>\u00c1rea e especializa\u00e7\u00e3o profissional: Sa\u00fade &#8211; Outras Especialidades M\u00e9dicas<\/li>\n<li>N\u00edvel hier\u00e1rquico: Analista<\/li>\n<\/ul>\n<p>HABILIDADES<\/p>\n<ul>\n<li>Vis\u00e3o Sist\u00eamica<\/li>\n<li>Equil\u00edbrio Emocional<\/li>\n<li>Empatia<\/li>\n<li>Humaniza\u00e7\u00e3o<\/li>\n<li>Resili\u00eancia<\/li>\n<li>Tomada de Decis\u00e3o<\/li>\n<\/ul>\n<p>Escolaridade M\u00ednima: P\u00f3s-gradua\u00e7\u00e3o &#8211; Mestrado<\/p>\n","protected":false},"excerpt":{"rendered":"<p>Oportunidade\u00a0para\u00a0Enfermeiro\u00a0de\u00a0Educa\u00e7\u00e3o\u00a0Continuada\u00a0na\u00a0REDE\u00a0SANTA\u00a0CATARINA\u00a0\u2013\u00a0Casa\u00a0de\u00a0Sa\u00fade\u00a0S\u00e3o\u00a0Jos\u00e9. Estamos\u00a0em\u00a0busca\u00a0de\u00a0um\u00a0profissional\u00a0comprometido\u00a0e\u00a0dedicado\u00a0para\u00a0o\u00a0cargo\u00a0de\u00a0Enfermeiro\u00a0Educador.\u00a0 O profissional ser\u00e1 respons\u00e1vel por contribuir com o desenvolvimento cont\u00ednuo dos colaboradores da \u00e1rea de enfermagem, promovendo melhorias e atualiza\u00e7\u00f5es nas pr\u00e1ticas cl\u00ednicas. Fun\u00e7\u00f5es: Gerenciar programas de educa\u00e7\u00e3o continuada para equipes de enfermagem e demais colaboradores; Coordenar workshops e treinamentos t\u00e9cnicos; Acompanhar a implementa\u00e7\u00e3o de novas diretrizes cl\u00ednicas; Colaborar com a equipe para [&hellip;]<\/p>\n","protected":false},"author":1,"featured_media":0,"comment_status":"open","ping_status":"open","sticky":false,"template":"","format":"standard","meta":{"footnotes":""},"categories":[21],"tags":[],"class_list":["post-1674","post","type-post","status-publish","format-standard","hentry","category-rio-de-janeiro-rj"],"_links":{"self":[{"href":"https:\/\/vagas.portalemprego.com.br\/index.php?rest_route=\/wp\/v2\/posts\/1674","targetHints":{"allow":["GET"]}}],"collection":[{"href":"https:\/\/vagas.portalemprego.com.br\/index.php?rest_route=\/wp\/v2\/posts"}],"about":[{"href":"https:\/\/vagas.portalemprego.com.br\/index.php?rest_route=\/wp\/v2\/types\/post"}],"author":[{"embeddable":true,"href":"https:\/\/vagas.portalemprego.com.br\/index.php?rest_route=\/wp\/v2\/users\/1"}],"replies":[{"embeddable":true,"href":"https:\/\/vagas.portalemprego.com.br\/index.php?rest_route=%2Fwp%2Fv2%2Fcomments&post=1674"}],"version-history":[{"count":0,"href":"https:\/\/vagas.portalemprego.com.br\/index.php?rest_route=\/wp\/v2\/posts\/1674\/revisions"}],"wp:attachment":[{"href":"https:\/\/vagas.portalemprego.com.br\/index.php?rest_route=%2Fwp%2Fv2%2Fmedia&parent=1674"}],"wp:term":[{"taxonomy":"category","embeddable":true,"href":"https:\/\/vagas.portalemprego.com.br\/index.php?rest_route=%2Fwp%2Fv2%2Fcategories&post=1674"},{"taxonomy":"post_tag","embeddable":true,"href":"https:\/\/vagas.portalemprego.com.br\/index.php?rest_route=%2Fwp%2Fv2%2Ftags&post=1674"}],"curies":[{"name":"wp","href":"https:\/\/api.w.org\/{rel}","templated":true}]}}