{"id":1679,"date":"2026-04-29T06:13:13","date_gmt":"2026-04-29T09:13:13","guid":{"rendered":"https:\/\/vagas.portalemprego.com.br\/?p=1679"},"modified":"2026-04-29T06:13:13","modified_gmt":"2026-04-29T09:13:13","slug":"analista-de-departamento-fiscal-contabil-financas-economia-rio-de-janeiro","status":"publish","type":"post","link":"https:\/\/vagas.portalemprego.com.br\/?p=1679","title":{"rendered":"Analista de Departamento Fiscal &#8211; Cont\u00e1bil, Finan\u00e7as, Economia &#8211; Rio de Janeiro"},"content":{"rendered":"<p>EMPRESA NO SEGMENTO DE ASSESSORIA CONT\u00c1BIL, CONTRATA PARA O CARGO DE ANALISTA DE DEPARTAMENTO FISCAL<\/p>\n<p>ATIVIDADES:<br \/>\n&#8211; APURA\u00c7\u00c3O DE IMPOSTOS (ISS, ICMS, IPI, PIS, COFINS, IRPJ E CSLL)<br \/>\n&#8211; ENTREGA DE OBRIGA\u00c7\u00d5ES ACESS\u00d3RIAS (EFD-REINF, SPED FISCAL, MIT, DIRBI, DESTDA E DSPREST)<br \/>\n&#8211; ESCRITURA\u00c7\u00c3O FISCAL E FECHAMENTO MENSAL- AN\u00c1LISE E CONFER\u00caNCIA DE NOTAS FISCAIS (INCLUSIVE XML)<br \/>\n&#8211; ACOMPANHAMENTO DA LEGISLA\u00c7\u00c3O TRIBUT\u00c1RIA<br \/>\n&#8211; ATENDIMENTO E SUPORTE A CLIENTES<br \/>\n&#8211; ORGANIZA\u00c7\u00c3O DE DOCUMENTOS, ARQUIVOS E PLANILHAS<br \/>\n&#8211; CONTROLE DE PRAZOS E DEMANDAS DE M\u00daLTIPLAS EMPRESAS<br \/>\n&#8211; UTILIZA\u00c7\u00c3O DO SISTEMA DOM\u00cdNIO PARA ROTINAS FISCAIS<\/p>\n<p>LOCAL: FREGUESIA (JACAREPAGU\u00c1) <\/p>\n<p>HOR\u00c1RIO: DE SEGUNDA A SEXTA-FEIRA, DE 09H \u00c0S 18H. <\/p>\n<p>SAL\u00c1RIO DE R$ 3.000,00 + VT + VR (R$ 30\/DIA).<\/p>\n<p>NECESS\u00c1RIO:<br \/>\n&#8211; ENSINO T\u00c9CNICO EM CONTABILIDADE OU ENSINO SUPERIOR COMPLETO;<br \/>\n&#8211; EXPERI\u00caNCIA NA FUN\u00c7\u00c3O.<br \/>\n&#8211; CONHECIMENTO DO SISTEMA DOM\u00cdNIO<br \/>\n&#8211; EXPER\u00caNCIA NA ENTREGA DE DECLARA\u00c7\u00d5ES &#8211; EFD-REINF, SPED FISCAL, MIT, DIRB, DESTDA, DSPREST;<br \/>\n&#8211; APURA\u00c7\u00c3O DE IMPOSTOS \u2013 ISS, ICMS, IPI, PIS, COFINS, IRPJ, CSLL;<br \/>\n&#8211; CONHECIMENTO NOS REGIMES TRIBUT\u00c1RIOS \u2013 SIMPLES NACIONAL E LUCRO PRESUMIDO<\/p>\n<ul>\n<li>Local de trabalho: Rio de Janeiro, RJ<\/li>\n<li>Regime de contrata\u00e7\u00e3o de tipo: Efetivo \u2013 CLT<\/li>\n<li>Jornada: Per\u00edodo Integral<\/li>\n<li>\u00c1rea e especializa\u00e7\u00e3o profissional: Cont\u00e1bil, Finan\u00e7as, Economia &#8211; Fiscal<\/li>\n<li>N\u00edvel hier\u00e1rquico: Analista<\/li>\n<\/ul>\n<p>Escolaridade M\u00ednima: Ensino Superior<\/p>\n<p>Forma\u00e7\u00e3o desejada:<\/p>\n<ul>\n<li>Ci\u00eancias cont\u00e1beis, Ensino Superior<\/li>\n<li>Contabilidade, Curso T\u00e9cnico<\/li>\n<\/ul>\n<ul>\n<li>Vale transporte<\/li>\n<li>vale refei\u00e7\u00e3o<\/li>\n<\/ul>\n<p>Sal\u00e1rio: 3000,0<\/p>\n","protected":false},"excerpt":{"rendered":"<p>EMPRESA NO SEGMENTO DE ASSESSORIA CONT\u00c1BIL, CONTRATA PARA O CARGO DE ANALISTA DE DEPARTAMENTO FISCAL ATIVIDADES: &#8211; APURA\u00c7\u00c3O DE IMPOSTOS (ISS, ICMS, IPI, PIS, COFINS, IRPJ E CSLL) &#8211; ENTREGA DE OBRIGA\u00c7\u00d5ES ACESS\u00d3RIAS (EFD-REINF, SPED FISCAL, MIT, DIRBI, DESTDA E DSPREST) &#8211; ESCRITURA\u00c7\u00c3O FISCAL E FECHAMENTO MENSAL- AN\u00c1LISE E CONFER\u00caNCIA DE NOTAS FISCAIS (INCLUSIVE XML) [&hellip;]<\/p>\n","protected":false},"author":1,"featured_media":0,"comment_status":"open","ping_status":"open","sticky":false,"template":"","format":"standard","meta":{"footnotes":""},"categories":[21],"tags":[],"class_list":["post-1679","post","type-post","status-publish","format-standard","hentry","category-rio-de-janeiro-rj"],"_links":{"self":[{"href":"https:\/\/vagas.portalemprego.com.br\/index.php?rest_route=\/wp\/v2\/posts\/1679","targetHints":{"allow":["GET"]}}],"collection":[{"href":"https:\/\/vagas.portalemprego.com.br\/index.php?rest_route=\/wp\/v2\/posts"}],"about":[{"href":"https:\/\/vagas.portalemprego.com.br\/index.php?rest_route=\/wp\/v2\/types\/post"}],"author":[{"embeddable":true,"href":"https:\/\/vagas.portalemprego.com.br\/index.php?rest_route=\/wp\/v2\/users\/1"}],"replies":[{"embeddable":true,"href":"https:\/\/vagas.portalemprego.com.br\/index.php?rest_route=%2Fwp%2Fv2%2Fcomments&post=1679"}],"version-history":[{"count":0,"href":"https:\/\/vagas.portalemprego.com.br\/index.php?rest_route=\/wp\/v2\/posts\/1679\/revisions"}],"wp:attachment":[{"href":"https:\/\/vagas.portalemprego.com.br\/index.php?rest_route=%2Fwp%2Fv2%2Fmedia&parent=1679"}],"wp:term":[{"taxonomy":"category","embeddable":true,"href":"https:\/\/vagas.portalemprego.com.br\/index.php?rest_route=%2Fwp%2Fv2%2Fcategories&post=1679"},{"taxonomy":"post_tag","embeddable":true,"href":"https:\/\/vagas.portalemprego.com.br\/index.php?rest_route=%2Fwp%2Fv2%2Ftags&post=1679"}],"curies":[{"name":"wp","href":"https:\/\/api.w.org\/{rel}","templated":true}]}}