{"id":1680,"date":"2026-04-29T06:13:13","date_gmt":"2026-04-29T09:13:13","guid":{"rendered":"https:\/\/vagas.portalemprego.com.br\/?p=1680"},"modified":"2026-04-29T06:13:13","modified_gmt":"2026-04-29T09:13:13","slug":"repositor-comercial-vendas-rio-de-janeiro-3","status":"publish","type":"post","link":"https:\/\/vagas.portalemprego.com.br\/?p=1680","title":{"rendered":"Repositor &#8211; Comercial, Vendas &#8211; Rio de Janeiro"},"content":{"rendered":"<p>REPOSITOR \/ PROMOTOR \u2013 APENAS HOMENS<br \/>\nCLT &#8211; EFETIVO<br \/>\nPerfil necess\u00e1rio:<br \/>\nExperi\u00eancia comprovada m\u00ednima de 1 ano como Promotor de Vendas<br \/>\nExperi\u00eancia com reposi\u00e7\u00e3o em PDV<br \/>\nHabilidade no uso de APPs\/sistemas de coleta<br \/>\nDisponibilidade para atuar em escala 6&#215;1<\/p>\n<p>Atividades \/ Mec\u00e2nica da A\u00e7\u00e3o:<br \/>\n\u2022 Abastecer todas as marcas solicitadas via APP<br \/>\n\u2022 Realizar FIFO<br \/>\n\u2022 Controle e acompanhamento de vencimentos<br \/>\n\u2022 Reposi\u00e7\u00e3o e organiza\u00e7\u00e3o de mercadorias<br \/>\n\u2022 Manter os produtos limpos, organizados e bem expostos<\/p>\n<p>Remunera\u00e7\u00e3o e Benef\u00edcios:<br \/>\n Sal\u00e1rio: R$ 1.628,11 +?? VT + ?? VR: R$ 27,60 por dia (desconto em folha de 10%)<br \/>\n Aux\u00edlio celular: R$ 50,00 + Aux\u00edlio internet: R$ 50,00 + Assist\u00eancia odontol\u00f3gica<br \/>\nHor\u00e1rio:<br \/>\n Escala 6&#215;1 \u2013 QUARTA \u00c0 SEGUNDA DAS 09:00 \u00c0S 17:20 &#8211; 01:00 DE INTERVALO<br \/>\nFOLGA: TODA TER\u00c7A-FEIRA E 1 DOMINGO NO M\u00caS<\/p>\n<ul>\n<li>Local de trabalho: Rio de Janeiro, RJ<\/li>\n<li>Regime de contrata\u00e7\u00e3o de tipo: Efetivo \u2013 CLT<\/li>\n<li>Jornada: Per\u00edodo Integral<\/li>\n<li>\u00c1rea e especializa\u00e7\u00e3o profissional: Comercial, Vendas &#8211; Demonstrador \/ Promotor<\/li>\n<li>N\u00edvel hier\u00e1rquico: Operacional<\/li>\n<\/ul>\n<p>VALORIZADO<\/p>\n<p>Tempo de experi\u00eancia: Menos de 1 ano<\/p>\n<p>Escolaridade M\u00ednima: Ensino M\u00e9dio (2\u00ba Grau)<\/p>\n<p>Sal\u00e1rio: 1628,11<\/p>\n","protected":false},"excerpt":{"rendered":"<p>REPOSITOR \/ PROMOTOR \u2013 APENAS HOMENS CLT &#8211; EFETIVO Perfil necess\u00e1rio: Experi\u00eancia comprovada m\u00ednima de 1 ano como Promotor de Vendas Experi\u00eancia com reposi\u00e7\u00e3o em PDV Habilidade no uso de APPs\/sistemas de coleta Disponibilidade para atuar em escala 6&#215;1 Atividades \/ Mec\u00e2nica da A\u00e7\u00e3o: \u2022 Abastecer todas as marcas solicitadas via APP \u2022 Realizar FIFO [&hellip;]<\/p>\n","protected":false},"author":1,"featured_media":0,"comment_status":"open","ping_status":"open","sticky":false,"template":"","format":"standard","meta":{"footnotes":""},"categories":[21],"tags":[],"class_list":["post-1680","post","type-post","status-publish","format-standard","hentry","category-rio-de-janeiro-rj"],"_links":{"self":[{"href":"https:\/\/vagas.portalemprego.com.br\/index.php?rest_route=\/wp\/v2\/posts\/1680","targetHints":{"allow":["GET"]}}],"collection":[{"href":"https:\/\/vagas.portalemprego.com.br\/index.php?rest_route=\/wp\/v2\/posts"}],"about":[{"href":"https:\/\/vagas.portalemprego.com.br\/index.php?rest_route=\/wp\/v2\/types\/post"}],"author":[{"embeddable":true,"href":"https:\/\/vagas.portalemprego.com.br\/index.php?rest_route=\/wp\/v2\/users\/1"}],"replies":[{"embeddable":true,"href":"https:\/\/vagas.portalemprego.com.br\/index.php?rest_route=%2Fwp%2Fv2%2Fcomments&post=1680"}],"version-history":[{"count":0,"href":"https:\/\/vagas.portalemprego.com.br\/index.php?rest_route=\/wp\/v2\/posts\/1680\/revisions"}],"wp:attachment":[{"href":"https:\/\/vagas.portalemprego.com.br\/index.php?rest_route=%2Fwp%2Fv2%2Fmedia&parent=1680"}],"wp:term":[{"taxonomy":"category","embeddable":true,"href":"https:\/\/vagas.portalemprego.com.br\/index.php?rest_route=%2Fwp%2Fv2%2Fcategories&post=1680"},{"taxonomy":"post_tag","embeddable":true,"href":"https:\/\/vagas.portalemprego.com.br\/index.php?rest_route=%2Fwp%2Fv2%2Ftags&post=1680"}],"curies":[{"name":"wp","href":"https:\/\/api.w.org\/{rel}","templated":true}]}}