{"id":1696,"date":"2026-04-29T06:14:14","date_gmt":"2026-04-29T09:14:14","guid":{"rendered":"https:\/\/vagas.portalemprego.com.br\/?p=1696"},"modified":"2026-04-29T06:14:14","modified_gmt":"2026-04-29T09:14:14","slug":"jovem-aprendiz-rh-recursos-humanos-rio-de-janeiro","status":"publish","type":"post","link":"https:\/\/vagas.portalemprego.com.br\/?p=1696","title":{"rendered":"JOVEM APRENDIZ RH &#8211; Recursos Humanos &#8211; Rio de Janeiro"},"content":{"rendered":"<p>Estamos em busca de um(a) jovem aprendiz para atuar, em um ambiente din\u00e2mico, desafiador e com forte possibilidade de crescimento profissional.<\/p>\n<p>? Principais atividades:<br \/>\n&#8211; Divulga\u00e7\u00e3o de vagas em diferentes canais (ATS, redes sociais, parceiros e bancos de talentos)<br \/>\n&#8211; Contato ativo com candidatos;<br \/>\n&#8211; Agendamento de exames;<\/p>\n<p>?? O que buscamos:<br \/>\n&#8211; Agilidade, organiza\u00e7\u00e3o e foco em resultados.<br \/>\n&#8211; Boa comunica\u00e7\u00e3o.<br \/>\n&#8211; Disponibilidade para in\u00edcio imediato;<\/p>\n<ul>\n<li>Local de trabalho: Rio de Janeiro, RJ<\/li>\n<li>Regime de contrata\u00e7\u00e3o de tipo: Jovem Aprendiz<\/li>\n<li>Jornada: Parcial manh\u00e3s<\/li>\n<li>\u00c1rea e especializa\u00e7\u00e3o profissional: Recursos Humanos &#8211; Recrutamento e Sele\u00e7\u00e3o<\/li>\n<li>N\u00edvel hier\u00e1rquico: Estagi\u00e1rio<\/li>\n<\/ul>\n<p>VALORIZADO<\/p>\n<p>Tempo de experi\u00eancia: Menos de 1 ano<\/p>\n<p>HABILIDADES<\/p>\n<ul>\n<li>ORGANIZA\u00c7\u00c3O<\/li>\n<li>COMUNICA\u00c7\u00c3O<\/li>\n<\/ul>\n<p>Escolaridade M\u00ednima: Ensino M\u00e9dio (2\u00ba Grau)<\/p>\n<ul>\n<li>VT<\/li>\n<li>SEGURO DE VIDA<\/li>\n<li>VR<\/li>\n<\/ul>\n<p>Sal\u00e1rio: 1070,0<\/p>\n","protected":false},"excerpt":{"rendered":"<p>Estamos em busca de um(a) jovem aprendiz para atuar, em um ambiente din\u00e2mico, desafiador e com forte possibilidade de crescimento profissional. ? Principais atividades: &#8211; Divulga\u00e7\u00e3o de vagas em diferentes canais (ATS, redes sociais, parceiros e bancos de talentos) &#8211; Contato ativo com candidatos; &#8211; Agendamento de exames; ?? O que buscamos: &#8211; Agilidade, organiza\u00e7\u00e3o [&hellip;]<\/p>\n","protected":false},"author":1,"featured_media":0,"comment_status":"open","ping_status":"open","sticky":false,"template":"","format":"standard","meta":{"footnotes":""},"categories":[21],"tags":[],"class_list":["post-1696","post","type-post","status-publish","format-standard","hentry","category-rio-de-janeiro-rj"],"_links":{"self":[{"href":"https:\/\/vagas.portalemprego.com.br\/index.php?rest_route=\/wp\/v2\/posts\/1696","targetHints":{"allow":["GET"]}}],"collection":[{"href":"https:\/\/vagas.portalemprego.com.br\/index.php?rest_route=\/wp\/v2\/posts"}],"about":[{"href":"https:\/\/vagas.portalemprego.com.br\/index.php?rest_route=\/wp\/v2\/types\/post"}],"author":[{"embeddable":true,"href":"https:\/\/vagas.portalemprego.com.br\/index.php?rest_route=\/wp\/v2\/users\/1"}],"replies":[{"embeddable":true,"href":"https:\/\/vagas.portalemprego.com.br\/index.php?rest_route=%2Fwp%2Fv2%2Fcomments&post=1696"}],"version-history":[{"count":0,"href":"https:\/\/vagas.portalemprego.com.br\/index.php?rest_route=\/wp\/v2\/posts\/1696\/revisions"}],"wp:attachment":[{"href":"https:\/\/vagas.portalemprego.com.br\/index.php?rest_route=%2Fwp%2Fv2%2Fmedia&parent=1696"}],"wp:term":[{"taxonomy":"category","embeddable":true,"href":"https:\/\/vagas.portalemprego.com.br\/index.php?rest_route=%2Fwp%2Fv2%2Fcategories&post=1696"},{"taxonomy":"post_tag","embeddable":true,"href":"https:\/\/vagas.portalemprego.com.br\/index.php?rest_route=%2Fwp%2Fv2%2Ftags&post=1696"}],"curies":[{"name":"wp","href":"https:\/\/api.w.org\/{rel}","templated":true}]}}