{"id":1697,"date":"2026-04-29T06:14:14","date_gmt":"2026-04-29T09:14:14","guid":{"rendered":"https:\/\/vagas.portalemprego.com.br\/?p=1697"},"modified":"2026-04-29T06:14:14","modified_gmt":"2026-04-29T09:14:14","slug":"analista-de-rh-pleno-business-partner-recursos-humanos-rio-de-janeiro","status":"publish","type":"post","link":"https:\/\/vagas.portalemprego.com.br\/?p=1697","title":{"rendered":"Analista de RH Pleno (Business Partner) &#8211; Recursos Humanos &#8211; Rio de Janeiro"},"content":{"rendered":"<p>O Grupo Seres, em parceria com empresa nacional do segmento de Ind\u00fastria Farmac\u00eautica, seleciona profissional para atuar na fun\u00e7\u00e3o de Analista de RH Pleno (Business Partner)<br \/>\nAtividades:<br \/>\nExecutar, com autonomia t\u00e9cnica e iniciativa, as atividades sob sua responsabilidade, atuando como elo entre a Vice-diretoria de Gest\u00e3o do Trabalho e as demais \u00e1reas da institui\u00e7\u00e3o, promovendo uma atua\u00e7\u00e3o consultiva, integrada, personalizada e alinhada \u00e0s necessidades institucionais por meio da implementa\u00e7\u00e3o do modelo de consultoria interna, desenvolvendo e executando solu\u00e7\u00f5es integradas em gest\u00e3o de talentos e comunica\u00e7\u00e3o que fortale\u00e7am a cultura organizacional, aprimorem o ambiente interno e promovam uma experi\u00eancia positiva para a for\u00e7a de trabalho, contribuindo para o alinhamento entre as pol\u00edticas de RH e demandas locais, mediando necessidades espec\u00edficas das \u00e1reas com foco em engajamento, transpar\u00eancia e colabora\u00e7\u00e3o, oferecendo suporte t\u00e9cnico qualificado para o desenvolvimento e a otimiza\u00e7\u00e3o dos processos de gest\u00e3o de pessoas, assegurando o cumprimento de prazos, metas e diretrizes institucionais, com foco na efic\u00e1cia da comunica\u00e7\u00e3o organizacional e nos resultados estrat\u00e9gicos da institui\u00e7\u00e3o.<br \/>\nHor\u00e1rio de trabalho:<br \/>\nHor\u00e1rio: 08h \u00e0s 17h<br \/>\nEscala: Segunda a Sexta<br \/>\nModelo: Presencial<br \/>\nLocal de trabalho:<br \/>\nJacarepagu\u00e1, Rio de Janeiro- Brasil<br \/>\nIncentivamos candidaturas PCD, popula\u00e7\u00e3o negra, mulheres, LGBTQIAPN+.<\/p>\n<p>Requisitos<\/p>\n<p>Requisitos Obrigat\u00f3rios:<br \/>\nSuperior completo em Administra\u00e7\u00e3o, Psicologia, Comunica\u00e7\u00e3o Social, Gest\u00e3o de Recursos Humanos ou afins;<br \/>\nExperi\u00eancia anterior em \u00e1reas de Gest\u00e3o de Pessoas, Gest\u00e3o de Projetos, Desenvolvimento Humano e Organizacional &#8211; viv\u00eancia relevante como parceiro de neg\u00f3cios (BP), consultoria interna (endomarketing), atendimento a \u00e1reas-clientes, pesquisa de clima, levantamento de necessidades, gest\u00e3o de mudan\u00e7as ou implementa\u00e7\u00e3o de projetos institucionais;<br \/>\nHabilidade com gest\u00e3o de indicadores e relat\u00f3rios gerenciais;<br \/>\nHabilidade com pacote office e Microsoft 365.<br \/>\nDesej\u00e1vel:<br \/>\nDesej\u00e1vel P\u00f3s-gradua\u00e7\u00e3o em Gest\u00e3o de Pessoas, Comunica\u00e7\u00e3o Organizacional, Gest\u00e3o P\u00fablica ou afins;<br \/>\nConhecimento em Power Bi<\/p>\n<ul>\n<li>Local de trabalho: Rio de Janeiro, RJ<\/li>\n<li>Regime de contrata\u00e7\u00e3o de tipo: Efetivo \u2013 CLT<\/li>\n<li>Jornada: Per\u00edodo Integral<\/li>\n<li>\u00c1rea e especializa\u00e7\u00e3o profissional: Recursos Humanos &#8211; Treinamento e Desenvolvimento<\/li>\n<li>N\u00edvel hier\u00e1rquico: Analista<\/li>\n<\/ul>\n<p>Escolaridade M\u00ednima: Ensino Superior<\/p>\n<p>Sal\u00e1rio: 7525,21<\/p>\n","protected":false},"excerpt":{"rendered":"<p>O Grupo Seres, em parceria com empresa nacional do segmento de Ind\u00fastria Farmac\u00eautica, seleciona profissional para atuar na fun\u00e7\u00e3o de Analista de RH Pleno (Business Partner) Atividades: Executar, com autonomia t\u00e9cnica e iniciativa, as atividades sob sua responsabilidade, atuando como elo entre a Vice-diretoria de Gest\u00e3o do Trabalho e as demais \u00e1reas da institui\u00e7\u00e3o, promovendo [&hellip;]<\/p>\n","protected":false},"author":1,"featured_media":0,"comment_status":"open","ping_status":"open","sticky":false,"template":"","format":"standard","meta":{"footnotes":""},"categories":[21],"tags":[],"class_list":["post-1697","post","type-post","status-publish","format-standard","hentry","category-rio-de-janeiro-rj"],"_links":{"self":[{"href":"https:\/\/vagas.portalemprego.com.br\/index.php?rest_route=\/wp\/v2\/posts\/1697","targetHints":{"allow":["GET"]}}],"collection":[{"href":"https:\/\/vagas.portalemprego.com.br\/index.php?rest_route=\/wp\/v2\/posts"}],"about":[{"href":"https:\/\/vagas.portalemprego.com.br\/index.php?rest_route=\/wp\/v2\/types\/post"}],"author":[{"embeddable":true,"href":"https:\/\/vagas.portalemprego.com.br\/index.php?rest_route=\/wp\/v2\/users\/1"}],"replies":[{"embeddable":true,"href":"https:\/\/vagas.portalemprego.com.br\/index.php?rest_route=%2Fwp%2Fv2%2Fcomments&post=1697"}],"version-history":[{"count":0,"href":"https:\/\/vagas.portalemprego.com.br\/index.php?rest_route=\/wp\/v2\/posts\/1697\/revisions"}],"wp:attachment":[{"href":"https:\/\/vagas.portalemprego.com.br\/index.php?rest_route=%2Fwp%2Fv2%2Fmedia&parent=1697"}],"wp:term":[{"taxonomy":"category","embeddable":true,"href":"https:\/\/vagas.portalemprego.com.br\/index.php?rest_route=%2Fwp%2Fv2%2Fcategories&post=1697"},{"taxonomy":"post_tag","embeddable":true,"href":"https:\/\/vagas.portalemprego.com.br\/index.php?rest_route=%2Fwp%2Fv2%2Ftags&post=1697"}],"curies":[{"name":"wp","href":"https:\/\/api.w.org\/{rel}","templated":true}]}}