{"id":1704,"date":"2026-04-29T06:14:14","date_gmt":"2026-04-29T09:14:14","guid":{"rendered":"https:\/\/vagas.portalemprego.com.br\/?p=1704"},"modified":"2026-04-29T06:14:14","modified_gmt":"2026-04-29T09:14:14","slug":"gerente-de-restaurante-intendente-magalhaes-rj-alimentacao-gastronomia-rio-de-janeiro","status":"publish","type":"post","link":"https:\/\/vagas.portalemprego.com.br\/?p=1704","title":{"rendered":"Gerente de Restaurante &#8211; Intendente Magalh\u00e3es RJ &#8211; Alimenta\u00e7\u00e3o \/ Gastronomia &#8211; Rio de Janeiro"},"content":{"rendered":"<p>?? Vaga: Gerente Principal \u2013 Habib\u2019s<br \/>\n?? Local: Estrada Intendente Magalh\u00e3es, 1055 &#8211; Vila Valqueire, Rio de Janeiro &#8211; RJ<br \/>\n ? Hor\u00e1rio: 16:00 \u00e0s 00:20<br \/>\n ?? Sal\u00e1rio: R$ 3.869,00 + VT + taxa + PR<br \/>\nResponsabilidades:<br \/>\nGest\u00e3o geral da unidade (operacional e equipe)<br \/>\nAcompanhamento de metas e resultados<br \/>\nControle de estoque e custos<br \/>\nGarantir o padr\u00e3o de qualidade e atendimento da marca<br \/>\nLideran\u00e7a e desenvolvimento da equipe<\/p>\n<ul>\n<li>Local de trabalho: Rio de Janeiro, RJ<\/li>\n<li>Regime de contrata\u00e7\u00e3o de tipo: Efetivo \u2013 CLT<\/li>\n<li>Jornada: Parcial noites<\/li>\n<li>\u00c1rea e especializa\u00e7\u00e3o profissional: Alimenta\u00e7\u00e3o \/ Gastronomia &#8211; Lanchonete, Fast Food, Cafeteria<\/li>\n<li>N\u00edvel hier\u00e1rquico: Gerente<\/li>\n<\/ul>\n<p>Escolaridade M\u00ednima: Ensino Fundamental (1\u00ba grau)<\/p>\n<p>Sal\u00e1rio: 3869,0<\/p>\n","protected":false},"excerpt":{"rendered":"<p>?? Vaga: Gerente Principal \u2013 Habib\u2019s ?? Local: Estrada Intendente Magalh\u00e3es, 1055 &#8211; Vila Valqueire, Rio de Janeiro &#8211; RJ ? Hor\u00e1rio: 16:00 \u00e0s 00:20 ?? Sal\u00e1rio: R$ 3.869,00 + VT + taxa + PR Responsabilidades: Gest\u00e3o geral da unidade (operacional e equipe) Acompanhamento de metas e resultados Controle de estoque e custos Garantir o [&hellip;]<\/p>\n","protected":false},"author":1,"featured_media":0,"comment_status":"open","ping_status":"open","sticky":false,"template":"","format":"standard","meta":{"footnotes":""},"categories":[21],"tags":[],"class_list":["post-1704","post","type-post","status-publish","format-standard","hentry","category-rio-de-janeiro-rj"],"_links":{"self":[{"href":"https:\/\/vagas.portalemprego.com.br\/index.php?rest_route=\/wp\/v2\/posts\/1704","targetHints":{"allow":["GET"]}}],"collection":[{"href":"https:\/\/vagas.portalemprego.com.br\/index.php?rest_route=\/wp\/v2\/posts"}],"about":[{"href":"https:\/\/vagas.portalemprego.com.br\/index.php?rest_route=\/wp\/v2\/types\/post"}],"author":[{"embeddable":true,"href":"https:\/\/vagas.portalemprego.com.br\/index.php?rest_route=\/wp\/v2\/users\/1"}],"replies":[{"embeddable":true,"href":"https:\/\/vagas.portalemprego.com.br\/index.php?rest_route=%2Fwp%2Fv2%2Fcomments&post=1704"}],"version-history":[{"count":0,"href":"https:\/\/vagas.portalemprego.com.br\/index.php?rest_route=\/wp\/v2\/posts\/1704\/revisions"}],"wp:attachment":[{"href":"https:\/\/vagas.portalemprego.com.br\/index.php?rest_route=%2Fwp%2Fv2%2Fmedia&parent=1704"}],"wp:term":[{"taxonomy":"category","embeddable":true,"href":"https:\/\/vagas.portalemprego.com.br\/index.php?rest_route=%2Fwp%2Fv2%2Fcategories&post=1704"},{"taxonomy":"post_tag","embeddable":true,"href":"https:\/\/vagas.portalemprego.com.br\/index.php?rest_route=%2Fwp%2Fv2%2Ftags&post=1704"}],"curies":[{"name":"wp","href":"https:\/\/api.w.org\/{rel}","templated":true}]}}