{"id":1706,"date":"2026-04-29T06:14:14","date_gmt":"2026-04-29T09:14:14","guid":{"rendered":"https:\/\/vagas.portalemprego.com.br\/?p=1706"},"modified":"2026-04-29T06:14:14","modified_gmt":"2026-04-29T09:14:14","slug":"operador-de-cos-i-construcao-manutencao-rio-de-janeiro","status":"publish","type":"post","link":"https:\/\/vagas.portalemprego.com.br\/?p=1706","title":{"rendered":"Operador de COS I &#8211; Constru\u00e7\u00e3o, Manuten\u00e7\u00e3o &#8211; Rio de Janeiro"},"content":{"rendered":"<p>Vaga: Operador de COS I \u2014 Centro\/RJ<br \/>\nLocal de trabalho: Centro \u2013 Rio de Janeiro\/RJ<br \/>\n Regime: CLT por prazo determinado (12 meses, podendo prorrogar por mais 12)<br \/>\nBenef\u00edcios<br \/>\nTicket Alimenta\u00e7\u00e3o\/Refei\u00e7\u00e3o<br \/>\nVale Transporte<br \/>\nPlano de Sa\u00fade<br \/>\nSeguro de Vida<br \/>\nRequisitos<br \/>\nEnsino T\u00e9cnico em Eletrot\u00e9cnica<br \/>\nConhecimento em rotinas operacionais de sistemas el\u00e9tricos (desej\u00e1vel)<br \/>\nOrganiza\u00e7\u00e3o, responsabilidade e boa comunica\u00e7\u00e3o<br \/>\nResponsabilidades e atribui\u00e7\u00f5es<br \/>\nComandar, supervisionar e executar a opera\u00e7\u00e3o das instala\u00e7\u00f5es por meio de sistema de supervis\u00e3o, controle e software de gest\u00e3o de ativos<br \/>\nElaborar relat\u00f3rios (RDO, PDF), planilhas e documentos do sistema de O&amp;M (events)<br \/>\nContatar agentes acessantes e acessados para controle e repasse de solicita\u00e7\u00f5es realizadas pelo ONS<br \/>\nAtuar em conting\u00eancias nas instala\u00e7\u00f5es de transmiss\u00e3o e gera\u00e7\u00e3o<br \/>\nAnalisar e programar interven\u00e7\u00f5es nas instala\u00e7\u00f5es de transmiss\u00e3o, em conjunto com o ONS e demais agentes envolvidos, em car\u00e1ter de urg\u00eancia e emerg\u00eancia<br \/>\nManter arquivos atualizados dos servi\u00e7os da \u00e1rea, conforme normas internas da empresa<br \/>\nCumprir documentos internos, Procedimentos de Rede do ONS, Instru\u00e7\u00f5es de Opera\u00e7\u00e3o (IO), Rotinas Operacionais (RO), Cadastro de Informa\u00e7\u00f5es Operacionais (CD) e Mensagens Operacionais (MO)<br \/>\nInforma\u00e7\u00f5es adicionais<br \/>\nAtua\u00e7\u00e3o em ambiente operacional de controle do sistema el\u00e9trico<br \/>\nTrabalho em equipe e sob supervis\u00e3o t\u00e9cnica<br \/>\nEscala 6&#215;3<\/p>\n<ul>\n<li>Local de trabalho: Rio de Janeiro, RJ<\/li>\n<li>Regime de contrata\u00e7\u00e3o de tipo: Efetivo \u2013 CLT<\/li>\n<li>Jornada: Per\u00edodo Integral<\/li>\n<li>\u00c1rea e especializa\u00e7\u00e3o profissional: Constru\u00e7\u00e3o, Manuten\u00e7\u00e3o &#8211; Eletricista \/ Manuten\u00e7\u00e3o El\u00e9trica<\/li>\n<li>N\u00edvel hier\u00e1rquico: Operacional<\/li>\n<\/ul>\n<p>Escolaridade M\u00ednima: Curso T\u00e9cnico<\/p>\n<p>Sal\u00e1rio: 4722,6<\/p>\n","protected":false},"excerpt":{"rendered":"<p>Vaga: Operador de COS I \u2014 Centro\/RJ Local de trabalho: Centro \u2013 Rio de Janeiro\/RJ Regime: CLT por prazo determinado (12 meses, podendo prorrogar por mais 12) Benef\u00edcios Ticket Alimenta\u00e7\u00e3o\/Refei\u00e7\u00e3o Vale Transporte Plano de Sa\u00fade Seguro de Vida Requisitos Ensino T\u00e9cnico em Eletrot\u00e9cnica Conhecimento em rotinas operacionais de sistemas el\u00e9tricos (desej\u00e1vel) Organiza\u00e7\u00e3o, responsabilidade e boa [&hellip;]<\/p>\n","protected":false},"author":1,"featured_media":0,"comment_status":"open","ping_status":"open","sticky":false,"template":"","format":"standard","meta":{"footnotes":""},"categories":[21],"tags":[],"class_list":["post-1706","post","type-post","status-publish","format-standard","hentry","category-rio-de-janeiro-rj"],"_links":{"self":[{"href":"https:\/\/vagas.portalemprego.com.br\/index.php?rest_route=\/wp\/v2\/posts\/1706","targetHints":{"allow":["GET"]}}],"collection":[{"href":"https:\/\/vagas.portalemprego.com.br\/index.php?rest_route=\/wp\/v2\/posts"}],"about":[{"href":"https:\/\/vagas.portalemprego.com.br\/index.php?rest_route=\/wp\/v2\/types\/post"}],"author":[{"embeddable":true,"href":"https:\/\/vagas.portalemprego.com.br\/index.php?rest_route=\/wp\/v2\/users\/1"}],"replies":[{"embeddable":true,"href":"https:\/\/vagas.portalemprego.com.br\/index.php?rest_route=%2Fwp%2Fv2%2Fcomments&post=1706"}],"version-history":[{"count":0,"href":"https:\/\/vagas.portalemprego.com.br\/index.php?rest_route=\/wp\/v2\/posts\/1706\/revisions"}],"wp:attachment":[{"href":"https:\/\/vagas.portalemprego.com.br\/index.php?rest_route=%2Fwp%2Fv2%2Fmedia&parent=1706"}],"wp:term":[{"taxonomy":"category","embeddable":true,"href":"https:\/\/vagas.portalemprego.com.br\/index.php?rest_route=%2Fwp%2Fv2%2Fcategories&post=1706"},{"taxonomy":"post_tag","embeddable":true,"href":"https:\/\/vagas.portalemprego.com.br\/index.php?rest_route=%2Fwp%2Fv2%2Ftags&post=1706"}],"curies":[{"name":"wp","href":"https:\/\/api.w.org\/{rel}","templated":true}]}}