{"id":1707,"date":"2026-04-29T06:14:14","date_gmt":"2026-04-29T09:14:14","guid":{"rendered":"https:\/\/vagas.portalemprego.com.br\/?p=1707"},"modified":"2026-04-29T06:14:14","modified_gmt":"2026-04-29T09:14:14","slug":"pessoa-assistente-de-sac-comercial-vendas-sao-joao-de-meriti","status":"publish","type":"post","link":"https:\/\/vagas.portalemprego.com.br\/?p=1707","title":{"rendered":"Pessoa Assistente de SAC &#8211; Comercial, Vendas &#8211; S\u00e3o Jo\u00e3o de Meriti"},"content":{"rendered":"<p>Na Jamef, valorizamos nossos colaboradores e promovemos um ambiente de trabalho inclusivo, acolhedor e repleto de oportunidades de crescimento. Mais do que contratar, queremos gerar oportunidades e promover a diversidade. Aqui, voc\u00ea encontra espa\u00e7o para ser quem \u00e9 e somar com a NOSSA GENTE!<\/p>\n<p>Suas responsabilidades incluir\u00e3o:<br \/>\n&#8211; Atendimento Integral: Atuar tanto nas demandas de coleta quanto nas de SAC, com versatilidade e dom\u00ednio dos processos.<br \/>\n&#8211; Acompanhamento Personalizado: Monitorar entregas e coletas de clientes sob sua responsabilidade, antecipando necessidades e resolvendo eventuais problemas.<br \/>\n&#8211; Integra\u00e7\u00e3o com Filiais: Manter contato ativo com as unidades para garantir que os prazos e padr\u00f5es de servi\u00e7o sejam cumpridos.<br \/>\n&#8211; Gest\u00e3o de Performance: Acompanhar indicadores, elaborar relat\u00f3rios e apresentar resultados em reuni\u00f5es com clientes.<br \/>\n&#8211; Relacionamento Consultivo: Construir um atendimento dedicado e proativo, entendendo as necessidades de cada cliente e oferecendo solu\u00e7\u00f5es personalizadas.<\/p>\n<p>O que oferecemos:<br \/>\n&#8211; Um ambiente de trabalho colaborativo e din\u00e2mico<br \/>\n&#8211; Oportunidades reais de crescimento profissional<br \/>\n&#8211; Cultura voltada para inova\u00e7\u00e3o, diversidade e inclus\u00e3o<br \/>\n&#8211; Reconhecimento e valoriza\u00e7\u00e3o do seu talento<\/p>\n<ul>\n<li>Local de trabalho: S\u00e3o Jo\u00e3o de Meriti, RJ<\/li>\n<li>Regime de contrata\u00e7\u00e3o de tipo: Efetivo \u2013 CLT<\/li>\n<li>Jornada: Per\u00edodo Integral<\/li>\n<li>\u00c1rea e especializa\u00e7\u00e3o profissional: Comercial, Vendas &#8211; Atendimento<\/li>\n<li>N\u00edvel hier\u00e1rquico: Assistente<\/li>\n<\/ul>\n<p>VALORIZADO<\/p>\n<p>Tempo de experi\u00eancia: Entre 1 e 3 anos<\/p>\n<p>HABILIDADES<\/p>\n<ul>\n<li>Experi\u00eancia comprovada em atendimento ao cliente, preferencialmente em SAC<\/li>\n<li>Excelentes habilidades de comunica\u00e7\u00e3o verbal e escrita<\/li>\n<li>Ensino m\u00e9dio completo<\/li>\n<li>Organiza\u00e7\u00e3o e aten\u00e7\u00e3o aos detalhes para lidar com diversas solicita\u00e7\u00f5es simultaneamente<\/li>\n<li>Dom\u00ednio de Sistemas de Atendimento (CRM, ERP)<\/li>\n<li>Pacote Office (principalmente Excel para relat\u00f3rios)<\/li>\n<li>Capacidade de resolver problemas e lidar com situa\u00e7\u00f5es de forma emp\u00e1tica<\/li>\n<\/ul>\n<p>Escolaridade M\u00ednima: Ensino M\u00e9dio (2\u00ba Grau)<\/p>\n<ul>\n<li>Conv\u00eanio Farm\u00e1cia<\/li>\n<li>Vale-Transporte<\/li>\n<li>Assist\u00eancia Odontol\u00f3gica (Ap\u00f3s-per\u00edodo de experi\u00eancia)<\/li>\n<li>Seguro de Vida<\/li>\n<li>Plataforma de apoio psicol\u00f3gico<\/li>\n<li>Vale-refei\u00e7\u00e3o<\/li>\n<li>Telemedicina<\/li>\n<li>Vale-Alimenta\u00e7\u00e3o<\/li>\n<li>Parceria com Total Pass<\/li>\n<li>Assist\u00eancia M\u00e9dica<\/li>\n<li>Parceria SEST SENAT<\/li>\n<\/ul>\n","protected":false},"excerpt":{"rendered":"<p>Na Jamef, valorizamos nossos colaboradores e promovemos um ambiente de trabalho inclusivo, acolhedor e repleto de oportunidades de crescimento. Mais do que contratar, queremos gerar oportunidades e promover a diversidade. Aqui, voc\u00ea encontra espa\u00e7o para ser quem \u00e9 e somar com a NOSSA GENTE! Suas responsabilidades incluir\u00e3o: &#8211; Atendimento Integral: Atuar tanto nas demandas de [&hellip;]<\/p>\n","protected":false},"author":1,"featured_media":0,"comment_status":"open","ping_status":"open","sticky":false,"template":"","format":"standard","meta":{"footnotes":""},"categories":[21],"tags":[],"class_list":["post-1707","post","type-post","status-publish","format-standard","hentry","category-rio-de-janeiro-rj"],"_links":{"self":[{"href":"https:\/\/vagas.portalemprego.com.br\/index.php?rest_route=\/wp\/v2\/posts\/1707","targetHints":{"allow":["GET"]}}],"collection":[{"href":"https:\/\/vagas.portalemprego.com.br\/index.php?rest_route=\/wp\/v2\/posts"}],"about":[{"href":"https:\/\/vagas.portalemprego.com.br\/index.php?rest_route=\/wp\/v2\/types\/post"}],"author":[{"embeddable":true,"href":"https:\/\/vagas.portalemprego.com.br\/index.php?rest_route=\/wp\/v2\/users\/1"}],"replies":[{"embeddable":true,"href":"https:\/\/vagas.portalemprego.com.br\/index.php?rest_route=%2Fwp%2Fv2%2Fcomments&post=1707"}],"version-history":[{"count":0,"href":"https:\/\/vagas.portalemprego.com.br\/index.php?rest_route=\/wp\/v2\/posts\/1707\/revisions"}],"wp:attachment":[{"href":"https:\/\/vagas.portalemprego.com.br\/index.php?rest_route=%2Fwp%2Fv2%2Fmedia&parent=1707"}],"wp:term":[{"taxonomy":"category","embeddable":true,"href":"https:\/\/vagas.portalemprego.com.br\/index.php?rest_route=%2Fwp%2Fv2%2Fcategories&post=1707"},{"taxonomy":"post_tag","embeddable":true,"href":"https:\/\/vagas.portalemprego.com.br\/index.php?rest_route=%2Fwp%2Fv2%2Ftags&post=1707"}],"curies":[{"name":"wp","href":"https:\/\/api.w.org\/{rel}","templated":true}]}}