{"id":1709,"date":"2026-04-29T06:14:14","date_gmt":"2026-04-29T09:14:14","guid":{"rendered":"https:\/\/vagas.portalemprego.com.br\/?p=1709"},"modified":"2026-04-29T06:14:14","modified_gmt":"2026-04-29T09:14:14","slug":"auxiliar-de-cozinha-campo-grande-alimentacao-gastronomia-rio-de-janeiro","status":"publish","type":"post","link":"https:\/\/vagas.portalemprego.com.br\/?p=1709","title":{"rendered":"Auxiliar de Cozinha &#8211; Campo Grande &#8211; Alimenta\u00e7\u00e3o \/ Gastronomia &#8211; Rio de Janeiro"},"content":{"rendered":"<p>Prazer, somos o maior grupo de food service genuinamente brasileiro.<br \/>\nNos conectamos com as pessoas por meio das comidas e hist\u00f3rias vividas \u00e0 mesa. H\u00e1 mais de 40 anos, levamos sabor e qualidade a pre\u00e7os realmente acess\u00edveis, sempre com foco em inovar e expandir a nossa atua\u00e7\u00e3o no mercado.<br \/>\nSe voc\u00ea \u00e9 m\u00e3o na massa, organizado(a), curte trabalhar em equipe, quer crescer e viver experi\u00eancias inesquec\u00edveis, essa vaga \u00e9 pra voc\u00ea!<\/p>\n<p>O que voc\u00ea vai fazer:<\/p>\n<p>Apoiar na organiza\u00e7\u00e3o e abastecimento do setor<br \/>\nReceber e armazenar mercadorias<br \/>\nSeguir os padr\u00f5es de limpeza, seguran\u00e7a e qualidade<br \/>\nGarantir agilidade no atendimento<br \/>\nCuidar dos equipamentos e comunicar manuten\u00e7\u00f5es<br \/>\nTrabalhar junto com o time para alcan\u00e7ar os melhores resultados<\/p>\n<p>O que voc\u00ea precisa ter:<\/p>\n<p>Ensino Fundamental Completo<br \/>\nDisponibilidade de hor\u00e1rios<br \/>\nVontade de aprender (n\u00e3o \u00e9 necess\u00e1rio experi\u00eancia)<\/p>\n<p>Ganhos:<\/p>\n<p>Piso garantido + Premia\u00e7\u00e3o por Resultado<br \/>\nVale transporte e Refei\u00e7\u00e3o no Local<br \/>\nOportunidade real de crescimento<\/p>\n<ul>\n<li>Local de trabalho: Rio de Janeiro, RJ<\/li>\n<li>Regime de contrata\u00e7\u00e3o de tipo: Efetivo \u2013 CLT<\/li>\n<li>Jornada: Per\u00edodo Integral<\/li>\n<li>\u00c1rea e especializa\u00e7\u00e3o profissional: Alimenta\u00e7\u00e3o \/ Gastronomia &#8211; Atendente \/ Recep\u00e7\u00e3o \/ Gar\u00e7om<\/li>\n<li>N\u00edvel hier\u00e1rquico: Auxiliar<\/li>\n<\/ul>\n<p>VALORIZADO<\/p>\n<p>Tempo de experi\u00eancia: Entre 1 e 3 anos<\/p>\n<p>Escolaridade M\u00ednima: Ensino M\u00e9dio (2\u00ba Grau)<\/p>\n<ul>\n<li>Alimenta\u00e7\u00e3o no local<\/li>\n<li>Vale transporte<\/li>\n<li>TotalPass<\/li>\n<li>Plano de Sa\u00fade<\/li>\n<li>\u00danico Skill<\/li>\n<\/ul>\n","protected":false},"excerpt":{"rendered":"<p>Prazer, somos o maior grupo de food service genuinamente brasileiro. Nos conectamos com as pessoas por meio das comidas e hist\u00f3rias vividas \u00e0 mesa. H\u00e1 mais de 40 anos, levamos sabor e qualidade a pre\u00e7os realmente acess\u00edveis, sempre com foco em inovar e expandir a nossa atua\u00e7\u00e3o no mercado. Se voc\u00ea \u00e9 m\u00e3o na massa, [&hellip;]<\/p>\n","protected":false},"author":1,"featured_media":0,"comment_status":"open","ping_status":"open","sticky":false,"template":"","format":"standard","meta":{"footnotes":""},"categories":[21],"tags":[],"class_list":["post-1709","post","type-post","status-publish","format-standard","hentry","category-rio-de-janeiro-rj"],"_links":{"self":[{"href":"https:\/\/vagas.portalemprego.com.br\/index.php?rest_route=\/wp\/v2\/posts\/1709","targetHints":{"allow":["GET"]}}],"collection":[{"href":"https:\/\/vagas.portalemprego.com.br\/index.php?rest_route=\/wp\/v2\/posts"}],"about":[{"href":"https:\/\/vagas.portalemprego.com.br\/index.php?rest_route=\/wp\/v2\/types\/post"}],"author":[{"embeddable":true,"href":"https:\/\/vagas.portalemprego.com.br\/index.php?rest_route=\/wp\/v2\/users\/1"}],"replies":[{"embeddable":true,"href":"https:\/\/vagas.portalemprego.com.br\/index.php?rest_route=%2Fwp%2Fv2%2Fcomments&post=1709"}],"version-history":[{"count":0,"href":"https:\/\/vagas.portalemprego.com.br\/index.php?rest_route=\/wp\/v2\/posts\/1709\/revisions"}],"wp:attachment":[{"href":"https:\/\/vagas.portalemprego.com.br\/index.php?rest_route=%2Fwp%2Fv2%2Fmedia&parent=1709"}],"wp:term":[{"taxonomy":"category","embeddable":true,"href":"https:\/\/vagas.portalemprego.com.br\/index.php?rest_route=%2Fwp%2Fv2%2Fcategories&post=1709"},{"taxonomy":"post_tag","embeddable":true,"href":"https:\/\/vagas.portalemprego.com.br\/index.php?rest_route=%2Fwp%2Fv2%2Ftags&post=1709"}],"curies":[{"name":"wp","href":"https:\/\/api.w.org\/{rel}","templated":true}]}}