{"id":1710,"date":"2026-04-29T06:14:14","date_gmt":"2026-04-29T09:14:14","guid":{"rendered":"https:\/\/vagas.portalemprego.com.br\/?p=1710"},"modified":"2026-04-29T06:14:14","modified_gmt":"2026-04-29T09:14:14","slug":"analista-administrativo-pleno-administracao-rio-de-janeiro","status":"publish","type":"post","link":"https:\/\/vagas.portalemprego.com.br\/?p=1710","title":{"rendered":"Analista Administrativo Pleno &#8211; Administra\u00e7\u00e3o &#8211; Rio de Janeiro"},"content":{"rendered":"<p>O Grupo Seres seleciona profissional para a posi\u00e7\u00e3o de Analista Administrativo Pleno, com a miss\u00e3o de garantir o controle, organiza\u00e7\u00e3o e efici\u00eancia dos processos administrativos da Entidade, atuando de forma estrat\u00e9gica na gest\u00e3o de contratos, fornecedores, obriga\u00e7\u00f5es fiscais e suporte \u00e0s \u00e1reas internas, assegurando conformidade, qualidade e continuidade operacional.<br \/>\nDescri\u00e7\u00e3o das atividades:<br \/>\nGest\u00e3o de Contratos e Fornecedores<br \/>\nAtuar no ciclo completo de contratos, desde a elabora\u00e7\u00e3o de editais, contratos e termos aditivos at\u00e9 o controle de vig\u00eancias, renova\u00e7\u00f5es e reajustes.<br \/>\nGerenciar o cadastro de fornecedores e prestadores de servi\u00e7os, garantindo atualiza\u00e7\u00e3o e conformidade documental.<br \/>\nAcompanhar a execu\u00e7\u00e3o contratual, n\u00edveis de servi\u00e7o (SLA) e relacionamento com fornecedores.<br \/>\nProcessos Administrativos e Compras<br \/>\nConduzir processos de contrata\u00e7\u00e3o de servi\u00e7os e aquisi\u00e7\u00e3o de materiais, realizando cota\u00e7\u00f5es, an\u00e1lises e negocia\u00e7\u00f5es.<br \/>\nApoiar as \u00e1reas internas no atendimento de demandas administrativas, assegurando organiza\u00e7\u00e3o, prazos e qualidade nas entregas.<br \/>\nControle Financeiro e Fiscal<br \/>\nControlar o recebimento de notas fiscais, faturas e boletos, realizando valida\u00e7\u00f5es e programa\u00e7\u00e3o de pagamentos.<br \/>\nExecutar a apura\u00e7\u00e3o de reten\u00e7\u00f5es tribut\u00e1rias e obriga\u00e7\u00f5es acess\u00f3rias, incluindo envio de informa\u00e7\u00f5es via EFD-Reinf.<br \/>\nEfetuar o fechamento mensal fiscal e preparar pagamentos de tributos.<br \/>\nEmitir comprovantes de rendimentos para pessoas f\u00edsicas e jur\u00eddicas.<br \/>\nGest\u00e3o Patrimonial e Facilities<br \/>\nRealizar controle patrimonial, incluindo cadastro de bens e invent\u00e1rios peri\u00f3dicos.<br \/>\nAcompanhar contratos de loca\u00e7\u00e3o, seguros institucionais e servi\u00e7os de manuten\u00e7\u00e3o, conserva\u00e7\u00e3o e infraestrutura.<br \/>\nMonitorar a atua\u00e7\u00e3o de empresas terceirizadas e garantir o bom funcionamento das instala\u00e7\u00f5es.<br \/>\nOrganiza\u00e7\u00e3o Documental e Suporte Operacional<br \/>\nGerenciar arquivos f\u00edsicos e digitais, assegurando organiza\u00e7\u00e3o, rastreabilidade e f\u00e1cil acesso \u00e0s informa\u00e7\u00f5es.<br \/>\nPrestar suporte em demandas operacionais, incluindo organiza\u00e7\u00e3o de viagens corporativas (passagens e hospedagens).<br \/>\nApoiar atividades de capacita\u00e7\u00e3o interna e o planejamento or\u00e7ament\u00e1rio da Entidade.<br \/>\nPlanejamento e Governan\u00e7a Administrativa<br \/>\nApoiar a elabora\u00e7\u00e3o do or\u00e7amento anual e acompanhar sua execu\u00e7\u00e3o.<br \/>\nAtuar em atividades relacionadas ao planejamento estrat\u00e9gico, contribuindo com vis\u00e3o anal\u00edtica e controle de processos.<br \/>\nIdentificar riscos operacionais, contratuais e fiscais, propondo melhorias cont\u00ednuas.<br \/>\n\u00a0Requisitos:<br \/>\nEnsino superior completo em Administra\u00e7\u00e3o, Direito, Ci\u00eancias Cont\u00e1beis ou \u00e1reas correlatas;<br \/>\nExperi\u00eancia m\u00ednima de 5 anos em rotinas administrativas, com forte atua\u00e7\u00e3o em contratos, fornecedores e processos de compras;<br \/>\nConhecimento em reten\u00e7\u00f5es tribut\u00e1rias e obriga\u00e7\u00f5es acess\u00f3rias (EFD-Reinf);<br \/>\nExperi\u00eancia com controle financeiro (contas a pagar) e valida\u00e7\u00e3o de documentos fiscais;<br \/>\nViv\u00eancia com sistemas ERP e Excel intermedi\u00e1rio\/avan\u00e7ado;<br \/>\nExperi\u00eancia em gest\u00e3o de contratos e facilities.<br \/>\nDiferenciais:<br \/>\nP\u00f3s-gradua\u00e7\u00e3o (MBA ou equivalente), preferencialmente em Administra\u00e7\u00e3o ou Previd\u00eancia Complementar;<br \/>\nExperi\u00eancia em entidades de previd\u00eancia complementar fechada.<br \/>\nCompet\u00eancias desejadas:<br \/>\nCapacidade anal\u00edtica e vis\u00e3o sist\u00eamica;<br \/>\nOrganiza\u00e7\u00e3o e aten\u00e7\u00e3o aos detalhes;<br \/>\nBoa comunica\u00e7\u00e3o e relacionamento interpessoal;<br \/>\nCapacidade de negocia\u00e7\u00e3o e gest\u00e3o de fornecedores;<br \/>\nPerfil colaborativo, proativo e orientado \u00e0 solu\u00e7\u00e3o;<br \/>\nRigor no controle de processos e foco em melhoria cont\u00ednua;<br \/>\nCapacidade de gerenciar m\u00faltiplas demandas e antecipar riscos.<\/p>\n<ul>\n<li>Local de trabalho: Rio de Janeiro, RJ<\/li>\n<li>Regime de contrata\u00e7\u00e3o de tipo: Efetivo \u2013 CLT<\/li>\n<li>Jornada: Per\u00edodo Integral<\/li>\n<li>\u00c1rea e especializa\u00e7\u00e3o profissional: Administra\u00e7\u00e3o &#8211; Administra\u00e7\u00e3o Geral<\/li>\n<li>N\u00edvel hier\u00e1rquico: Analista<\/li>\n<\/ul>\n<p>Escolaridade M\u00ednima: P\u00f3s-gradua\u00e7\u00e3o &#8211; Especializa\u00e7\u00e3o\/MBA<\/p>\n<p>Sal\u00e1rio: 9316,52<\/p>\n","protected":false},"excerpt":{"rendered":"<p>O Grupo Seres seleciona profissional para a posi\u00e7\u00e3o de Analista Administrativo Pleno, com a miss\u00e3o de garantir o controle, organiza\u00e7\u00e3o e efici\u00eancia dos processos administrativos da Entidade, atuando de forma estrat\u00e9gica na gest\u00e3o de contratos, fornecedores, obriga\u00e7\u00f5es fiscais e suporte \u00e0s \u00e1reas internas, assegurando conformidade, qualidade e continuidade operacional. Descri\u00e7\u00e3o das atividades: Gest\u00e3o de Contratos [&hellip;]<\/p>\n","protected":false},"author":1,"featured_media":0,"comment_status":"open","ping_status":"open","sticky":false,"template":"","format":"standard","meta":{"footnotes":""},"categories":[21],"tags":[],"class_list":["post-1710","post","type-post","status-publish","format-standard","hentry","category-rio-de-janeiro-rj"],"_links":{"self":[{"href":"https:\/\/vagas.portalemprego.com.br\/index.php?rest_route=\/wp\/v2\/posts\/1710","targetHints":{"allow":["GET"]}}],"collection":[{"href":"https:\/\/vagas.portalemprego.com.br\/index.php?rest_route=\/wp\/v2\/posts"}],"about":[{"href":"https:\/\/vagas.portalemprego.com.br\/index.php?rest_route=\/wp\/v2\/types\/post"}],"author":[{"embeddable":true,"href":"https:\/\/vagas.portalemprego.com.br\/index.php?rest_route=\/wp\/v2\/users\/1"}],"replies":[{"embeddable":true,"href":"https:\/\/vagas.portalemprego.com.br\/index.php?rest_route=%2Fwp%2Fv2%2Fcomments&post=1710"}],"version-history":[{"count":0,"href":"https:\/\/vagas.portalemprego.com.br\/index.php?rest_route=\/wp\/v2\/posts\/1710\/revisions"}],"wp:attachment":[{"href":"https:\/\/vagas.portalemprego.com.br\/index.php?rest_route=%2Fwp%2Fv2%2Fmedia&parent=1710"}],"wp:term":[{"taxonomy":"category","embeddable":true,"href":"https:\/\/vagas.portalemprego.com.br\/index.php?rest_route=%2Fwp%2Fv2%2Fcategories&post=1710"},{"taxonomy":"post_tag","embeddable":true,"href":"https:\/\/vagas.portalemprego.com.br\/index.php?rest_route=%2Fwp%2Fv2%2Ftags&post=1710"}],"curies":[{"name":"wp","href":"https:\/\/api.w.org\/{rel}","templated":true}]}}