{"id":1712,"date":"2026-04-29T06:14:14","date_gmt":"2026-04-29T09:14:14","guid":{"rendered":"https:\/\/vagas.portalemprego.com.br\/?p=1712"},"modified":"2026-04-29T06:14:14","modified_gmt":"2026-04-29T09:14:14","slug":"secretarioa-administrativo-administracao-rio-de-janeiro","status":"publish","type":"post","link":"https:\/\/vagas.portalemprego.com.br\/?p=1712","title":{"rendered":"Secret\u00e1rio(a) Administrativo &#8211; Administra\u00e7\u00e3o &#8211; Rio de Janeiro"},"content":{"rendered":"<p>O Grupo Seres seleciona profissional para a posi\u00e7\u00e3o de Secret\u00e1ria(o) Administrativa, atuando no suporte \u00e0s rotinas administrativas e organiza\u00e7\u00e3o das demandas dos s\u00f3cios e do escrit\u00f3rio.<br \/>\nDescri\u00e7\u00e3o das atividades:<br \/>\nOrganizar agendas e compromissos dos s\u00f3cios;<br \/>\nGerenciar demandas do dia a dia e agendamentos;<br \/>\nParticipar de reuni\u00f5es e elaborar atas;<br \/>\nAuxiliar em reservas de viagens e servi\u00e7os;<br \/>\nApoiar rotinas administrativas (planilhas, estoque, cota\u00e7\u00f5es);<br \/>\nRealizar lan\u00e7amentos financeiros e controle de contas a pagar.<br \/>\nRequisitos:<br \/>\nEnsino superior\/ t\u00e9cnico cursando ou completo;<br \/>\nExperi\u00eancia em rotinas administrativas;<br \/>\nBoa comunica\u00e7\u00e3o oral e escrita;<br \/>\nConhecimento b\u00e1sico em Excel.<br \/>\nCompet\u00eancias desejadas:<br \/>\nOrganiza\u00e7\u00e3o e proatividade;<br \/>\nAten\u00e7\u00e3o aos detalhes;<br \/>\nBoa comunica\u00e7\u00e3o e relacionamento.<br \/>\nInforma\u00e7\u00f5es adicionais:<br \/>\nCLT<br \/>\nBenef\u00edcios: VA\/VR (R$ 20\/dia), plano de sa\u00fade, day off, Wellhub<br \/>\nModelo h\u00edbrido (2 dias home office)<br \/>\nLocal: Barra da Tijuca \u2013 RJ<br \/>\nHor\u00e1rio: 09h00 \u00e0s 18h48<\/p>\n<ul>\n<li>Local de trabalho: Rio de Janeiro, RJ<\/li>\n<li>Regime de contrata\u00e7\u00e3o de tipo: Efetivo \u2013 CLT<\/li>\n<li>Jornada: Per\u00edodo Integral<\/li>\n<li>\u00c1rea e especializa\u00e7\u00e3o profissional: Administra\u00e7\u00e3o &#8211; Administra\u00e7\u00e3o Geral<\/li>\n<li>N\u00edvel hier\u00e1rquico: Assistente<\/li>\n<\/ul>\n<p>Escolaridade M\u00ednima: Ensino Superior<\/p>\n<p>Sal\u00e1rio: 2000,0<\/p>\n","protected":false},"excerpt":{"rendered":"<p>O Grupo Seres seleciona profissional para a posi\u00e7\u00e3o de Secret\u00e1ria(o) Administrativa, atuando no suporte \u00e0s rotinas administrativas e organiza\u00e7\u00e3o das demandas dos s\u00f3cios e do escrit\u00f3rio. Descri\u00e7\u00e3o das atividades: Organizar agendas e compromissos dos s\u00f3cios; Gerenciar demandas do dia a dia e agendamentos; Participar de reuni\u00f5es e elaborar atas; Auxiliar em reservas de viagens e [&hellip;]<\/p>\n","protected":false},"author":1,"featured_media":0,"comment_status":"open","ping_status":"open","sticky":false,"template":"","format":"standard","meta":{"footnotes":""},"categories":[21],"tags":[],"class_list":["post-1712","post","type-post","status-publish","format-standard","hentry","category-rio-de-janeiro-rj"],"_links":{"self":[{"href":"https:\/\/vagas.portalemprego.com.br\/index.php?rest_route=\/wp\/v2\/posts\/1712","targetHints":{"allow":["GET"]}}],"collection":[{"href":"https:\/\/vagas.portalemprego.com.br\/index.php?rest_route=\/wp\/v2\/posts"}],"about":[{"href":"https:\/\/vagas.portalemprego.com.br\/index.php?rest_route=\/wp\/v2\/types\/post"}],"author":[{"embeddable":true,"href":"https:\/\/vagas.portalemprego.com.br\/index.php?rest_route=\/wp\/v2\/users\/1"}],"replies":[{"embeddable":true,"href":"https:\/\/vagas.portalemprego.com.br\/index.php?rest_route=%2Fwp%2Fv2%2Fcomments&post=1712"}],"version-history":[{"count":0,"href":"https:\/\/vagas.portalemprego.com.br\/index.php?rest_route=\/wp\/v2\/posts\/1712\/revisions"}],"wp:attachment":[{"href":"https:\/\/vagas.portalemprego.com.br\/index.php?rest_route=%2Fwp%2Fv2%2Fmedia&parent=1712"}],"wp:term":[{"taxonomy":"category","embeddable":true,"href":"https:\/\/vagas.portalemprego.com.br\/index.php?rest_route=%2Fwp%2Fv2%2Fcategories&post=1712"},{"taxonomy":"post_tag","embeddable":true,"href":"https:\/\/vagas.portalemprego.com.br\/index.php?rest_route=%2Fwp%2Fv2%2Ftags&post=1712"}],"curies":[{"name":"wp","href":"https:\/\/api.w.org\/{rel}","templated":true}]}}