{"id":1715,"date":"2026-04-29T06:14:14","date_gmt":"2026-04-29T09:14:14","guid":{"rendered":"https:\/\/vagas.portalemprego.com.br\/?p=1715"},"modified":"2026-04-29T06:14:14","modified_gmt":"2026-04-29T09:14:14","slug":"gerente-de-loja-sao-goncalo-comercial-vendas-rio-de-janeiro","status":"publish","type":"post","link":"https:\/\/vagas.portalemprego.com.br\/?p=1715","title":{"rendered":"Gerente de Loja &#8211; S\u00e3o Gon\u00e7alo &#8211; Comercial, Vendas &#8211; Rio de Janeiro"},"content":{"rendered":"<p>Responsabilidades<br \/>\n&#8211; Gerenciar todas as opera\u00e7\u00f5es da loja, garantindo o cumprimento das metas comerciais e de rentabilidade.<br \/>\n&#8211; Desenvolver estrat\u00e9gias de vendas voltadas para o segmento de constru\u00e7\u00e3o civil a seco.<br \/>\n&#8211; Coordenar equipe de vendedores e consultores t\u00e9cnicos, promovendo treinamentos e acompanhamento de desempenho.<br \/>\n&#8211; Realizar prospec\u00e7\u00e3o de clientes.<br \/>\n&#8211; Garantir excel\u00eancia no atendimento e fideliza\u00e7\u00e3o de clientes.<br \/>\n&#8211; Implementar campanhas promocionais e a\u00e7\u00f5es de leads entre outras a\u00e7\u00f5es.<br \/>\nRequisitos<br \/>\n&#8211; Experi\u00eancia comprovada em gest\u00e3o comercial.<br \/>\n&#8211; Habilidade em lideran\u00e7a de equipes e gest\u00e3o de resultados.<br \/>\n&#8211; Perfil proativo, com foco em metas e capacidade de negocia\u00e7\u00e3o.<br \/>\n&#8211; Monitorar indicadores de vendas, estoque, margem e satisfa\u00e7\u00e3o do cliente.<br \/>\n&#8211; Pacote Office Intermedi\u00e1rio<br \/>\n&#8211; Experi\u00eancia com pacote Office, CRM &#8211; intermedi\u00e1rio<\/p>\n<ul>\n<li>Local de trabalho: Rio de Janeiro, RJ<\/li>\n<li>Regime de contrata\u00e7\u00e3o de tipo: Efetivo \u2013 CLT<\/li>\n<li>Jornada: Per\u00edodo Integral<\/li>\n<li>\u00c1rea e especializa\u00e7\u00e3o profissional: Comercial, Vendas &#8211; Venda Interna<\/li>\n<li>N\u00edvel hier\u00e1rquico: Gerente<\/li>\n<\/ul>\n<p>VALORIZADO<\/p>\n<p>Tempo de experi\u00eancia: Entre 3 e 5 anos<\/p>\n<p>HABILIDADES<\/p>\n<ul>\n<li>Negocia\u00e7\u00e3o<\/li>\n<li>Comunica\u00e7\u00e3o clara<\/li>\n<li>Resolu\u00e7\u00e3o de problemas<\/li>\n<li>Controle emocional<\/li>\n<li>Treinar pessoas<\/li>\n<li>Adaptabilidade<\/li>\n<li>Vis\u00e3o estrat\u00e9gica<\/li>\n<\/ul>\n<p>Escolaridade M\u00ednima: Ensino Superior<\/p>\n","protected":false},"excerpt":{"rendered":"<p>Responsabilidades &#8211; Gerenciar todas as opera\u00e7\u00f5es da loja, garantindo o cumprimento das metas comerciais e de rentabilidade. &#8211; Desenvolver estrat\u00e9gias de vendas voltadas para o segmento de constru\u00e7\u00e3o civil a seco. &#8211; Coordenar equipe de vendedores e consultores t\u00e9cnicos, promovendo treinamentos e acompanhamento de desempenho. &#8211; Realizar prospec\u00e7\u00e3o de clientes. &#8211; Garantir excel\u00eancia no atendimento [&hellip;]<\/p>\n","protected":false},"author":1,"featured_media":0,"comment_status":"open","ping_status":"open","sticky":false,"template":"","format":"standard","meta":{"footnotes":""},"categories":[21],"tags":[],"class_list":["post-1715","post","type-post","status-publish","format-standard","hentry","category-rio-de-janeiro-rj"],"_links":{"self":[{"href":"https:\/\/vagas.portalemprego.com.br\/index.php?rest_route=\/wp\/v2\/posts\/1715","targetHints":{"allow":["GET"]}}],"collection":[{"href":"https:\/\/vagas.portalemprego.com.br\/index.php?rest_route=\/wp\/v2\/posts"}],"about":[{"href":"https:\/\/vagas.portalemprego.com.br\/index.php?rest_route=\/wp\/v2\/types\/post"}],"author":[{"embeddable":true,"href":"https:\/\/vagas.portalemprego.com.br\/index.php?rest_route=\/wp\/v2\/users\/1"}],"replies":[{"embeddable":true,"href":"https:\/\/vagas.portalemprego.com.br\/index.php?rest_route=%2Fwp%2Fv2%2Fcomments&post=1715"}],"version-history":[{"count":0,"href":"https:\/\/vagas.portalemprego.com.br\/index.php?rest_route=\/wp\/v2\/posts\/1715\/revisions"}],"wp:attachment":[{"href":"https:\/\/vagas.portalemprego.com.br\/index.php?rest_route=%2Fwp%2Fv2%2Fmedia&parent=1715"}],"wp:term":[{"taxonomy":"category","embeddable":true,"href":"https:\/\/vagas.portalemprego.com.br\/index.php?rest_route=%2Fwp%2Fv2%2Fcategories&post=1715"},{"taxonomy":"post_tag","embeddable":true,"href":"https:\/\/vagas.portalemprego.com.br\/index.php?rest_route=%2Fwp%2Fv2%2Ftags&post=1715"}],"curies":[{"name":"wp","href":"https:\/\/api.w.org\/{rel}","templated":true}]}}