{"id":1719,"date":"2026-04-29T06:14:14","date_gmt":"2026-04-29T09:14:14","guid":{"rendered":"https:\/\/vagas.portalemprego.com.br\/?p=1719"},"modified":"2026-04-29T06:14:14","modified_gmt":"2026-04-29T09:14:14","slug":"compradora-do-comercio-varejista-compras-rio-de-janeiro","status":"publish","type":"post","link":"https:\/\/vagas.portalemprego.com.br\/?p=1719","title":{"rendered":"Comprador(a) do Com\u00e9rcio Varejista &#8211; Compras &#8211; Rio de Janeiro"},"content":{"rendered":"<p>Estamos em busca de uma Comprador(a) de Produtos com experi\u00eancia no varejo para atuar na gest\u00e3o estrat\u00e9gica do mix de produtos da categoria Cama, Mesa, Banho e Decora\u00e7\u00e3o. Procuramos um profissional com vis\u00e3o de mercado, capacidade de negocia\u00e7\u00e3o e sensibilidade para tend\u00eancias de consumo, garantindo um portf\u00f3lio atrativo e competitivo para nossas lojas.<br \/>\nEssa posi\u00e7\u00e3o \u00e9 fundamental para o crescimento da empresa, sendo respons\u00e1vel por selecionar produtos alinhados ao posicionamento da marca, \u00e0s necessidades dos clientes e \u00e0s metas comerciais da companhia.<br \/>\n?? Principais Responsabilidades<br \/>\n\u2022 Realizar a curadoria e sele\u00e7\u00e3o de produtos das categorias de cama, mesa, banho e decora\u00e7\u00e3o.<br \/>\n\u2022 Pesquisar tend\u00eancias de mercado, comportamento do consumidor e concorr\u00eancia.<br \/>\n\u2022 Desenvolver e manter relacionamento estrat\u00e9gico com fornecedores.<br \/>\n\u2022 Realizar negocia\u00e7\u00e3o de pre\u00e7os, prazos e condi\u00e7\u00f5es comerciais.<br \/>\n\u2022 Planejar o mix de produtos das lojas de acordo com o posicionamento da marca.<br \/>\n\u2022 Acompanhar indicadores de desempenho dos produtos (vendas, giro, margem e ruptura).<br \/>\n\u2022 Participar do planejamento de compras e abastecimento das lojas.<br \/>\n\u2022 Trabalhar em conjunto com as \u00e1reas de comercial, marketing e log\u00edstica.<br \/>\n\u2022 Propor e acompanhar lan\u00e7amentos e desenvolver oportunidades de novos produtos.<br \/>\n\u2022 Visitar lojas gerendo sinergia entre compras e as lojas<br \/>\n? Requisitos<br \/>\n\u2022 Experi\u00eancia anterior na \u00e1rea de compras no varejo<br \/>\n\u2022 Desej\u00e1vel experi\u00eancia com produtos de cama, mesa, banho ou decora\u00e7\u00e3o<br \/>\n\u2022 Boa capacidade de negocia\u00e7\u00e3o e an\u00e1lise comercial<br \/>\n\u2022 Perfil estrat\u00e9gico, anal\u00edtico e organizado<br \/>\n\u2022 Imprescind\u00edvel: Conhecimento em gest\u00e3o de mix de produtos e indicadores de vendas<br \/>\n\u2022 Facilidade de relacionamento com fornecedores<br \/>\n? Diferenciais<br \/>\n\u2022 Experi\u00eancia em redes varejistas<br \/>\n\u2022 Conhecimento em tend\u00eancias de home decor<br \/>\n\u2022 Viv\u00eancia em desenvolvimento de produto ou marca pr\u00f3pria<br \/>\n?? Compet\u00eancias Comportamentais<br \/>\n\u2022 Vis\u00e3o de mercado<br \/>\n\u2022 Perfil estrat\u00e9gico<br \/>\n\u2022 Organiza\u00e7\u00e3o e planejamento<br \/>\n\u2022 Boa comunica\u00e7\u00e3o e relacionamento<br \/>\n\u2022 Tomada de decis\u00e3o baseada em dados<br \/>\n?Destaques Importantes:<br \/>\n\u2022 Sal\u00e1rio: a combinar<br \/>\n\u2022 Benef\u00edcios: Vale Transporte<br \/>\n\u2022 Localiza\u00e7\u00e3o: Centro &#8211; Rio de Janeiro<br \/>\n\u2022 Regime de Contrata\u00e7\u00e3o: CLT<br \/>\n\u2022 Jornada de Trabalho: 2\u00aa \u00e0 6\u00aa (44h semanais)<br \/>\n\u2022 Modelo de trabalho: Presencial<br \/>\n\u2022 Disponibilidade para viajar<\/p>\n<ul>\n<li>Local de trabalho: Rio de Janeiro, RJ<\/li>\n<li>Regime de contrata\u00e7\u00e3o de tipo: Efetivo \u2013 CLT<\/li>\n<li>Jornada: Per\u00edodo Integral<\/li>\n<li>\u00c1rea e especializa\u00e7\u00e3o profissional: Compras &#8211; Compras<\/li>\n<li>N\u00edvel hier\u00e1rquico: Coordenador<\/li>\n<\/ul>\n<p>VALORIZADO<\/p>\n<p>Tempo de experi\u00eancia: Entre 3 e 5 anos<\/p>\n<p>HABILIDADES<\/p>\n<ul>\n<li>An\u00e1lise de dados estat\u00edsticos<\/li>\n<li>curadoria de produtos<\/li>\n<li>Boa comunica\u00e7\u00e3o<\/li>\n<li>Vis\u00e3o de Mercado<\/li>\n<li>Vis\u00e3o estrat\u00e9gica de mercado e tend\u00eancias<\/li>\n<li>planejamento de compras<\/li>\n<li>proativo<\/li>\n<li>Vis\u00e3o Comercial<\/li>\n<li>An\u00e1lise de Indicadores<\/li>\n<li>Forte habilidade de negocia\u00e7\u00e3o<\/li>\n<li>Organiza\u00e7\u00e3o<\/li>\n<\/ul>\n<p>Escolaridade M\u00ednima: Ensino Superior<\/p>\n<p>Disponibilidade para viajar<\/p>\n<ul>\n<li>Vale Transporte<\/li>\n<\/ul>\n<p>Sal\u00e1rio: 7500,0<\/p>\n","protected":false},"excerpt":{"rendered":"<p>Estamos em busca de uma Comprador(a) de Produtos com experi\u00eancia no varejo para atuar na gest\u00e3o estrat\u00e9gica do mix de produtos da categoria Cama, Mesa, Banho e Decora\u00e7\u00e3o. Procuramos um profissional com vis\u00e3o de mercado, capacidade de negocia\u00e7\u00e3o e sensibilidade para tend\u00eancias de consumo, garantindo um portf\u00f3lio atrativo e competitivo para nossas lojas. Essa posi\u00e7\u00e3o [&hellip;]<\/p>\n","protected":false},"author":1,"featured_media":0,"comment_status":"open","ping_status":"open","sticky":false,"template":"","format":"standard","meta":{"footnotes":""},"categories":[21],"tags":[],"class_list":["post-1719","post","type-post","status-publish","format-standard","hentry","category-rio-de-janeiro-rj"],"_links":{"self":[{"href":"https:\/\/vagas.portalemprego.com.br\/index.php?rest_route=\/wp\/v2\/posts\/1719","targetHints":{"allow":["GET"]}}],"collection":[{"href":"https:\/\/vagas.portalemprego.com.br\/index.php?rest_route=\/wp\/v2\/posts"}],"about":[{"href":"https:\/\/vagas.portalemprego.com.br\/index.php?rest_route=\/wp\/v2\/types\/post"}],"author":[{"embeddable":true,"href":"https:\/\/vagas.portalemprego.com.br\/index.php?rest_route=\/wp\/v2\/users\/1"}],"replies":[{"embeddable":true,"href":"https:\/\/vagas.portalemprego.com.br\/index.php?rest_route=%2Fwp%2Fv2%2Fcomments&post=1719"}],"version-history":[{"count":0,"href":"https:\/\/vagas.portalemprego.com.br\/index.php?rest_route=\/wp\/v2\/posts\/1719\/revisions"}],"wp:attachment":[{"href":"https:\/\/vagas.portalemprego.com.br\/index.php?rest_route=%2Fwp%2Fv2%2Fmedia&parent=1719"}],"wp:term":[{"taxonomy":"category","embeddable":true,"href":"https:\/\/vagas.portalemprego.com.br\/index.php?rest_route=%2Fwp%2Fv2%2Fcategories&post=1719"},{"taxonomy":"post_tag","embeddable":true,"href":"https:\/\/vagas.portalemprego.com.br\/index.php?rest_route=%2Fwp%2Fv2%2Ftags&post=1719"}],"curies":[{"name":"wp","href":"https:\/\/api.w.org\/{rel}","templated":true}]}}